{"id":88494,"date":"2025-03-07T14:05:12","date_gmt":"2025-03-07T20:05:12","guid":{"rendered":"https:\/\/www.interaccionnoticias.com.mx\/?p=88494"},"modified":"2025-03-07T14:05:13","modified_gmt":"2025-03-07T20:05:13","slug":"ex-dirigente-del-prd-guerrero-confirma-distanciamiento-del-aguirrismo","status":"publish","type":"post","link":"https:\/\/www.interaccionnoticias.com.mx\/?p=88494","title":{"rendered":"Ex dirigente del PRD-Guerrero confirma distanciamiento del Aguirrismo"},"content":{"rendered":"\n<p><strong><em>&#8212; Alberto Catal\u00e1n Bastida reconoce al ex gobernador como su mentor pol\u00edtico durante muchos a\u00f1os, pero no comparte el acercamiento con MORENA<br>&#8212; Rechaza que se culpe al PRI y al PAN de la p\u00e9rdida del registro nacional del sol azteca<\/em><\/strong><\/p>\n\n\n\n<p><strong>Rogelio Agust\u00edn<\/strong><\/p>\n\n\n\n<p>El ex dirigente estatal del PRD, Alberto Catal\u00e1n Bastida defendi\u00f3 su incorporaci\u00f3n a la estructura nacional del PRI, reconoci\u00f3 al ex gobernador \u00c1ngel Aguirre Rivero como su mentor en la pol\u00edtica durante muchos a\u00f1os, pero indic\u00f3 que no comparte el rumbo de quienes hoy se acercan a MORENA, partido contra el que disputaron los comicios de 2018, 2021 y 2024.<\/p>\n\n\n\n<p>V\u00eda telef\u00f3nica, Catal\u00e1n Bastida record\u00f3 que en los comicios de 2021 y 2024 compitieron aliados con el PRI y con el PAN, por lo que en el desarrollo de ambos procesos tuvo acercamientos importantes con el tricolor.<\/p>\n\n\n\n<p>Explic\u00f3 que despu\u00e9s de que el partido del sol azteca perdi\u00f3 su registr\u00f3 nacional, \u00e9l culmin\u00f3 su periodo como dirigente en Guerrero y decidi\u00f3 cerrar el cap\u00edtulo de su militancia, para estar e libertad de tomar una decisi\u00f3n pol\u00edtica que no debe lesionar a nadie.<\/p>\n\n\n\n<p>Defini\u00f3 al PRI como un partido socialdem\u00f3crata, con el que tiene muchas coincidencias y con cuyos dirigentes ha mantenido la comunicaci\u00f3n fue por ese contacto que se afinaron varios proyectos que derivaron en la incorporaci\u00f3n como secretario general adjunto a la presidencia del Comit\u00e9 Ejecutivo Nacional (CEN).<\/p>\n\n\n\n<p>Respecto a los cuestionamientos hechos p\u00fablicos por el ex gobernador \u00c1ngel Aguirre Rivero, quien considera que el PRI enfrenta su peor momento en materia de credibilidad y autoridad moral, Catal\u00e1n Bastida manifest\u00f3 que es respetuoso del posicionamiento, aunque no lo comparte.<\/p>\n\n\n\n<p>\u201cSon puntos de vista distintos, es algo que dialogu\u00e9 en su momento con el ex gobernador \u00c1ngel Aguirre, obviamente yo le agradezco que nos d\u00e9 la libertad de opinar y no hubo coincidencias con \u00e9l en ese sentido, es por eso que tom\u00e9 la decisi\u00f3n de manera personal\u201d.<\/p>\n\n\n\n<p>Aclar\u00f3 que no se trata de una determinaci\u00f3n grupal, de parte de algunos que son considerados como \u201cAguirristas\u201d, de tal suerte que no llega al tricolor haciendo grupo o corriente.<\/p>\n\n\n\n<p>Su incorporaci\u00f3n al PRI, dijo que la coment\u00f3 con el presidente estatal, Alejandro Bravo Abarca, el senador Manuel A\u00f1orve Ba\u00f1os y el propio dirigente estatal, Alejandro Moreno C\u00e1rdenas.<\/p>\n\n\n\n<p>\u201cLo que s\u00ed puedo decir, es que venimos con todos los \u00e1nimos de trabajar por este gran partido que es el PRI\u201d, anot\u00f3.<\/p>\n\n\n\n<p>Respecto al ex gobernador Aguirre, el tambi\u00e9n ex diputado local anot\u00f3: \u201cEl est\u00e1 en otra ruta (acercarse a la Cuarta Transformaci\u00f3n) yo he tomado la decisi\u00f3n de caminar en otro camino, por supuesto que hay un gran aprecio, respeto y cari\u00f1o hacia el licenciado Aguirre, el fue mi mentor en el tema pol\u00edtico, me dio la oportunidad de alcanzar los espacios que he tenido, eso siempre lo voy a reconocer y no lo voy a negar\u201d.<\/p>\n\n\n\n<p>En lo futuro, refiri\u00f3 que estar\u00e1 en contacto permanente con los dirigentes estatales del PRI, adem\u00e1s de los representantes populares emanados de dicho instituto pol\u00edtico.<\/p>\n\n\n\n<p>Si bien destac\u00f3 que no desea que le vaya mal al PRD, partido que mantiene a\u00fan su registro vigente en Guerrero, s\u00ed consider\u00f3 que resulta incongruente buscar el acercamiento con MORENA, cuando en los comicios recientes se les compiti\u00f3 la gubernatura y la presidencia de la Rep\u00fablica, cuestionando de manera recurrente las inconsistencias y los errores cometidos tanto en el estado como en el pa\u00eds.<\/p>\n\n\n\n<p>Adem\u00e1s, como art\u00edfice de la pol\u00edtica de alianzas, dijo que no comparte la actitud que va en el sentido de descalificar al PRI y al PAN y culparlos de la p\u00e9rdida del registro a nivel nacional.<\/p>\n","protected":false},"excerpt":{"rendered":"<p>&#8212; Alberto Catal\u00e1n Bastida reconoce al ex gobernador como su mentor pol\u00edtico durante muchos a\u00f1os, pero no comparte el acercamiento con MORENA&#8212; Rechaza que se culpe al PRI y al&hellip; <\/p>\n","protected":false},"author":21,"featured_media":88495,"comment_status":"open","ping_status":"open","sticky":false,"template":"","format":"standard","meta":{"fifu_image_url":"","fifu_image_alt":"","footnotes":""},"categories":[21],"tags":[],"class_list":["post-88494","post","type-post","status-publish","format-standard","has-post-thumbnail","hentry","category-politica"],"_links":{"self":[{"href":"https:\/\/www.interaccionnoticias.com.mx\/index.php?rest_route=\/wp\/v2\/posts\/88494","targetHints":{"allow":["GET"]}}],"collection":[{"href":"https:\/\/www.interaccionnoticias.com.mx\/index.php?rest_route=\/wp\/v2\/posts"}],"about":[{"href":"https:\/\/www.interaccionnoticias.com.mx\/index.php?rest_route=\/wp\/v2\/types\/post"}],"author":[{"embeddable":true,"href":"https:\/\/www.interaccionnoticias.com.mx\/index.php?rest_route=\/wp\/v2\/users\/21"}],"replies":[{"embeddable":true,"href":"https:\/\/www.interaccionnoticias.com.mx\/index.php?rest_route=%2Fwp%2Fv2%2Fcomments&post=88494"}],"version-history":[{"count":1,"href":"https:\/\/www.interaccionnoticias.com.mx\/index.php?rest_route=\/wp\/v2\/posts\/88494\/revisions"}],"predecessor-version":[{"id":88496,"href":"https:\/\/www.interaccionnoticias.com.mx\/index.php?rest_route=\/wp\/v2\/posts\/88494\/revisions\/88496"}],"wp:featuredmedia":[{"embeddable":true,"href":"https:\/\/www.interaccionnoticias.com.mx\/index.php?rest_route=\/wp\/v2\/media\/88495"}],"wp:attachment":[{"href":"https:\/\/www.interaccionnoticias.com.mx\/index.php?rest_route=%2Fwp%2Fv2%2Fmedia&parent=88494"}],"wp:term":[{"taxonomy":"category","embeddable":true,"href":"https:\/\/www.interaccionnoticias.com.mx\/index.php?rest_route=%2Fwp%2Fv2%2Fcategories&post=88494"},{"taxonomy":"post_tag","embeddable":true,"href":"https:\/\/www.interaccionnoticias.com.mx\/index.php?rest_route=%2Fwp%2Fv2%2Ftags&post=88494"}],"curies":[{"name":"wp","href":"https:\/\/api.w.org\/{rel}","templated":true}]}}