{"id":88454,"date":"2025-03-06T15:27:00","date_gmt":"2025-03-06T21:27:00","guid":{"rendered":"https:\/\/www.interaccionnoticias.com.mx\/?p=88454"},"modified":"2025-03-06T20:27:51","modified_gmt":"2025-03-07T02:27:51","slug":"procuraduria-agraria-llama-a-restablecer-el-dialogo-entre-la-minera-equinox-gold-y-el-ejido-de-carrizalillo","status":"publish","type":"post","link":"https:\/\/www.interaccionnoticias.com.mx\/?p=88454","title":{"rendered":"Procuradur\u00eda Agraria llama a restablecer el dialogo entre la minera Equinox Gold y el ejido de Carrizalillo"},"content":{"rendered":"\n<p><strong><em>&#8212; La PA plantea que se dejen de lado actitudes hostiles y se d\u00e9 un trato digno a los ejidatarios<\/em><\/strong><\/p>\n\n\n\n<p><strong>Rogelio Agust\u00edn<\/strong><\/p>\n\n\n\n<p>El titular de la Procuradur\u00eda Agraria (PA), V\u00edctor Su\u00e1rez Carrera hizo un llamado a la compa\u00f1\u00eda canadiense, Equiox Gold a respetar los derechos de los ejidatarios de Carrizalillo, en el municipio de Eduardo Neri y abstenerse actuar con hostilidad hacia los titulares de la tierra que explotan para la extracci\u00f3n de oro.<\/p>\n\n\n\n<p>Este jueves, el funcionario del Gobierno de la Rep\u00fablica conmin\u00f3 a Equimox Gold a proceder con estricto apego a los ordenamientos legales vigentes.<\/p>\n\n\n\n<p>Llam\u00f3 a retomar la mesa de negociaci\u00f3n con los representantes del n\u00facleo agrario de Carrizalillo bajo un esquema de respeto y justicia, tanto social como ambiental y sanitaria.<\/p>\n\n\n\n<p>En un comunicado emitido este jueves 6 de marzo, la PA plantea: \u201cLos derechos de las comunidades agrarias deben ser plenamente garantizados, al igual que los derechos humanos de los comuneros y de la poblaci\u00f3n en general. Es imperativo que cualquier actividad econ\u00f3mica se lleve a cabo en armon\u00eda con el bienestar de las comunidades\u201d.<\/p>\n\n\n\n<p>El titular de la Procuradur\u00eda Agraria sostuvo que el dialogo entre la compa\u00f1\u00eda y los ejidatarios debe ser franco, equitativo, adem\u00e1s priorizar los intereses y la dignidad de la comunidad.<\/p>\n\n\n\n<p>Tambi\u00e9n se\u00f1al\u00f3 que Carrizalillo cuenta con un padr\u00f3n de 175 miembros activos y alrededor de mil 300 hect\u00e1reas de tierras, de ellas el 95 por ciento es ocupado en el proyecto minero de Los Filos, el cual opera desde hace ya m\u00e1s de tres d\u00e9cadas en dicha localidad perteneciente al municipio de Eduardo Neri.<\/p>\n\n\n\n<p>Actualmente los ejidatarios de Carrizalillo se mantienen inconformes con la empresa, ya que aseguran, por medio de actos de presi\u00f3n pretende imponer un convenio que reduce los beneficios obtenidos de la extracci\u00f3n de oro a la mitad.<\/p>\n\n\n\n<div class=\"wp-block-jetpack-slideshow aligncenter\" data-effect=\"slide\"><div class=\"wp-block-jetpack-slideshow_container swiper-container\"><ul class=\"wp-block-jetpack-slideshow_swiper-wrapper swiper-wrapper\"><li class=\"wp-block-jetpack-slideshow_slide swiper-slide\"><figure><img decoding=\"async\" src=\"data:image\/gif;base64,R0lGODlhAQABAIAAAAAAAP\/\/\/ywAAAAAAQABAAACAUwAOw==\" fifu-lazy=\"1\" fifu-data-sizes=\"auto\" fifu-data-srcset=\"https:\/\/i0.wp.com\/www.interaccionnoticias.com.mx\/wp-content\/uploads\/2025\/03\/250306-CC-Agraria-1024x683.jpg?ssl=1&w=75&resize=75&ssl=1 75w, https:\/\/i0.wp.com\/www.interaccionnoticias.com.mx\/wp-content\/uploads\/2025\/03\/250306-CC-Agraria-1024x683.jpg?ssl=1&w=100&resize=100&ssl=1 100w, https:\/\/i0.wp.com\/www.interaccionnoticias.com.mx\/wp-content\/uploads\/2025\/03\/250306-CC-Agraria-1024x683.jpg?ssl=1&w=150&resize=150&ssl=1 150w, https:\/\/i0.wp.com\/www.interaccionnoticias.com.mx\/wp-content\/uploads\/2025\/03\/250306-CC-Agraria-1024x683.jpg?ssl=1&w=240&resize=240&ssl=1 240w, https:\/\/i0.wp.com\/www.interaccionnoticias.com.mx\/wp-content\/uploads\/2025\/03\/250306-CC-Agraria-1024x683.jpg?ssl=1&w=320&resize=320&ssl=1 320w, https:\/\/i0.wp.com\/www.interaccionnoticias.com.mx\/wp-content\/uploads\/2025\/03\/250306-CC-Agraria-1024x683.jpg?ssl=1&w=500&resize=500&ssl=1 500w, https:\/\/i0.wp.com\/www.interaccionnoticias.com.mx\/wp-content\/uploads\/2025\/03\/250306-CC-Agraria-1024x683.jpg?ssl=1&w=640&resize=640&ssl=1 640w, https:\/\/i0.wp.com\/www.interaccionnoticias.com.mx\/wp-content\/uploads\/2025\/03\/250306-CC-Agraria-1024x683.jpg?ssl=1&w=800&resize=800&ssl=1 800w, https:\/\/i0.wp.com\/www.interaccionnoticias.com.mx\/wp-content\/uploads\/2025\/03\/250306-CC-Agraria-1024x683.jpg?ssl=1&w=1024&resize=1024&ssl=1 1024w, https:\/\/i0.wp.com\/www.interaccionnoticias.com.mx\/wp-content\/uploads\/2025\/03\/250306-CC-Agraria-1024x683.jpg?ssl=1&w=1280&resize=1280&ssl=1 1280w, https:\/\/i0.wp.com\/www.interaccionnoticias.com.mx\/wp-content\/uploads\/2025\/03\/250306-CC-Agraria-1024x683.jpg?ssl=1&w=1600&resize=1600&ssl=1 1600w\" alt=\"\" class=\"wp-block-jetpack-slideshow_image wp-image-88455\" data-id=\"88455\" fifu-data-src=\"https:\/\/i0.wp.com\/www.interaccionnoticias.com.mx\/wp-content\/uploads\/2025\/03\/250306-CC-Agraria-1024x683.jpg?ssl=1\"\/><\/figure><\/li><li class=\"wp-block-jetpack-slideshow_slide swiper-slide\"><figure><img decoding=\"async\" src=\"data:image\/gif;base64,R0lGODlhAQABAIAAAAAAAP\/\/\/ywAAAAAAQABAAACAUwAOw==\" fifu-lazy=\"1\" fifu-data-sizes=\"auto\" fifu-data-srcset=\"https:\/\/i1.wp.com\/www.interaccionnoticias.com.mx\/wp-content\/uploads\/2025\/03\/250306-Carrizalillo-1024x683.jpg?ssl=1&w=75&resize=75&ssl=1 75w, https:\/\/i1.wp.com\/www.interaccionnoticias.com.mx\/wp-content\/uploads\/2025\/03\/250306-Carrizalillo-1024x683.jpg?ssl=1&w=100&resize=100&ssl=1 100w, https:\/\/i1.wp.com\/www.interaccionnoticias.com.mx\/wp-content\/uploads\/2025\/03\/250306-Carrizalillo-1024x683.jpg?ssl=1&w=150&resize=150&ssl=1 150w, https:\/\/i1.wp.com\/www.interaccionnoticias.com.mx\/wp-content\/uploads\/2025\/03\/250306-Carrizalillo-1024x683.jpg?ssl=1&w=240&resize=240&ssl=1 240w, https:\/\/i1.wp.com\/www.interaccionnoticias.com.mx\/wp-content\/uploads\/2025\/03\/250306-Carrizalillo-1024x683.jpg?ssl=1&w=320&resize=320&ssl=1 320w, https:\/\/i1.wp.com\/www.interaccionnoticias.com.mx\/wp-content\/uploads\/2025\/03\/250306-Carrizalillo-1024x683.jpg?ssl=1&w=500&resize=500&ssl=1 500w, https:\/\/i1.wp.com\/www.interaccionnoticias.com.mx\/wp-content\/uploads\/2025\/03\/250306-Carrizalillo-1024x683.jpg?ssl=1&w=640&resize=640&ssl=1 640w, https:\/\/i1.wp.com\/www.interaccionnoticias.com.mx\/wp-content\/uploads\/2025\/03\/250306-Carrizalillo-1024x683.jpg?ssl=1&w=800&resize=800&ssl=1 800w, https:\/\/i1.wp.com\/www.interaccionnoticias.com.mx\/wp-content\/uploads\/2025\/03\/250306-Carrizalillo-1024x683.jpg?ssl=1&w=1024&resize=1024&ssl=1 1024w, https:\/\/i1.wp.com\/www.interaccionnoticias.com.mx\/wp-content\/uploads\/2025\/03\/250306-Carrizalillo-1024x683.jpg?ssl=1&w=1280&resize=1280&ssl=1 1280w, https:\/\/i1.wp.com\/www.interaccionnoticias.com.mx\/wp-content\/uploads\/2025\/03\/250306-Carrizalillo-1024x683.jpg?ssl=1&w=1600&resize=1600&ssl=1 1600w\" alt=\"\" class=\"wp-block-jetpack-slideshow_image wp-image-88456\" data-id=\"88456\" fifu-data-src=\"https:\/\/i1.wp.com\/www.interaccionnoticias.com.mx\/wp-content\/uploads\/2025\/03\/250306-Carrizalillo-1024x683.jpg?ssl=1\"\/><\/figure><\/li><\/ul><a class=\"wp-block-jetpack-slideshow_button-prev swiper-button-prev swiper-button-white\" role=\"button\"><\/a><a class=\"wp-block-jetpack-slideshow_button-next swiper-button-next swiper-button-white\" role=\"button\"><\/a><a aria-label=\"Pause Slideshow\" class=\"wp-block-jetpack-slideshow_button-pause\" role=\"button\"><\/a><div class=\"wp-block-jetpack-slideshow_pagination swiper-pagination swiper-pagination-white\"><\/div><\/div><\/div>\n","protected":false},"excerpt":{"rendered":"<p>&#8212; La PA plantea que se dejen de lado actitudes hostiles y se d\u00e9 un trato digno a los ejidatarios Rogelio Agust\u00edn El titular de la Procuradur\u00eda Agraria (PA), V\u00edctor&hellip; <\/p>\n","protected":false},"author":21,"featured_media":88456,"comment_status":"open","ping_status":"open","sticky":false,"template":"","format":"standard","meta":{"fifu_image_url":"","fifu_image_alt":"","footnotes":""},"categories":[11],"tags":[],"class_list":["post-88454","post","type-post","status-publish","format-standard","has-post-thumbnail","hentry","category-guerrero"],"_links":{"self":[{"href":"https:\/\/www.interaccionnoticias.com.mx\/index.php?rest_route=\/wp\/v2\/posts\/88454","targetHints":{"allow":["GET"]}}],"collection":[{"href":"https:\/\/www.interaccionnoticias.com.mx\/index.php?rest_route=\/wp\/v2\/posts"}],"about":[{"href":"https:\/\/www.interaccionnoticias.com.mx\/index.php?rest_route=\/wp\/v2\/types\/post"}],"author":[{"embeddable":true,"href":"https:\/\/www.interaccionnoticias.com.mx\/index.php?rest_route=\/wp\/v2\/users\/21"}],"replies":[{"embeddable":true,"href":"https:\/\/www.interaccionnoticias.com.mx\/index.php?rest_route=%2Fwp%2Fv2%2Fcomments&post=88454"}],"version-history":[{"count":1,"href":"https:\/\/www.interaccionnoticias.com.mx\/index.php?rest_route=\/wp\/v2\/posts\/88454\/revisions"}],"predecessor-version":[{"id":88457,"href":"https:\/\/www.interaccionnoticias.com.mx\/index.php?rest_route=\/wp\/v2\/posts\/88454\/revisions\/88457"}],"wp:featuredmedia":[{"embeddable":true,"href":"https:\/\/www.interaccionnoticias.com.mx\/index.php?rest_route=\/wp\/v2\/media\/88456"}],"wp:attachment":[{"href":"https:\/\/www.interaccionnoticias.com.mx\/index.php?rest_route=%2Fwp%2Fv2%2Fmedia&parent=88454"}],"wp:term":[{"taxonomy":"category","embeddable":true,"href":"https:\/\/www.interaccionnoticias.com.mx\/index.php?rest_route=%2Fwp%2Fv2%2Fcategories&post=88454"},{"taxonomy":"post_tag","embeddable":true,"href":"https:\/\/www.interaccionnoticias.com.mx\/index.php?rest_route=%2Fwp%2Fv2%2Ftags&post=88454"}],"curies":[{"name":"wp","href":"https:\/\/api.w.org\/{rel}","templated":true}]}}