{"id":88421,"date":"2025-03-05T20:48:12","date_gmt":"2025-03-06T02:48:12","guid":{"rendered":"https:\/\/www.interaccionnoticias.com.mx\/?p=88421"},"modified":"2025-03-05T20:48:14","modified_gmt":"2025-03-06T02:48:14","slug":"continua-la-comision-estatal-de-busqueda-de-personas-sin-titular","status":"publish","type":"post","link":"https:\/\/www.interaccionnoticias.com.mx\/?p=88421","title":{"rendered":"Contin\u00faa la Comisi\u00f3n Estatal de B\u00fasqueda de Personas sin titular"},"content":{"rendered":"\n<p><strong><em>&#8212; Colectivos que buscan a sus familiares desaparecidos han denunciado que las b\u00fasquedas en campo y pega de fichas han sido canceladas ante la falta de un titular<\/em><\/strong><\/p>\n\n\n\n<p><strong>Yasm\u00edn Garc\u00eda<\/strong><\/p>\n\n\n\n<p>La Comisi\u00f3n Estatal de B\u00fasqueda de Personas (CEBP), contin\u00faa sin titular, luego de que Arturo Sol\u00eds Felipe presentar\u00e1 su renuncia en febrero.<\/p>\n\n\n\n<p>Algunos Colectivos que buscan a sus familiares desaparecidos han denunciado que las b\u00fasquedas en campo y pega de fichas han sido canceladas ante la falta de un titular.<\/p>\n\n\n\n<p>El Colectivo Fe y Esperanza de Encontrarles Guerrero, denunci\u00f3 que ya ten\u00edan programada una b\u00fasqueda en campo y fue cancelada bajo el argumento de que no hay titular.<\/p>\n\n\n\n<p>El Colectivo Guerrero No+ Desaparecidos tambi\u00e9n denunci\u00f3 la cancelaci\u00f3n de una b\u00fasqueda en campo del joven Diego Aldair Rodr\u00edguez Valle quien desapareci\u00f3 el 22 de diciembre del a\u00f1o pasado en Mezcala.<\/p>\n\n\n\n<p>El 25 de febrero David Molina Rodr\u00edguez, representante del Colectivo de Desaparecidos Lupita Rodr\u00edguez Narcizo, inform\u00f3 que el d\u00eda 24, Arturo Sol\u00eds se despidi\u00f3 por mensaje de WhatsApp.<\/p>\n\n\n\n<p>Molina Rodr\u00edguez asegur\u00f3 que su renuncia fue porque no contaba con recursos para realizar las b\u00fasquedas de personas desaparecidas.<\/p>\n\n\n\n<p>El Colectivo Fe y Esperanza de Encontrarles Guerrero, pidi\u00f3 a la encargada de despacho de la Secretar\u00eda General de Gobierno, Anacleta L\u00f3pez Vega designar un titular ya que la CEBP depende de esa \u00e1rea.<\/p>\n","protected":false},"excerpt":{"rendered":"<p>&#8212; Colectivos que buscan a sus familiares desaparecidos han denunciado que las b\u00fasquedas en campo y pega de fichas han sido canceladas ante la falta de un titular Yasm\u00edn Garc\u00eda&hellip; <\/p>\n","protected":false},"author":32,"featured_media":88422,"comment_status":"open","ping_status":"open","sticky":false,"template":"","format":"standard","meta":{"fifu_image_url":"","fifu_image_alt":"","footnotes":""},"categories":[11],"tags":[],"class_list":["post-88421","post","type-post","status-publish","format-standard","has-post-thumbnail","hentry","category-guerrero"],"_links":{"self":[{"href":"https:\/\/www.interaccionnoticias.com.mx\/index.php?rest_route=\/wp\/v2\/posts\/88421","targetHints":{"allow":["GET"]}}],"collection":[{"href":"https:\/\/www.interaccionnoticias.com.mx\/index.php?rest_route=\/wp\/v2\/posts"}],"about":[{"href":"https:\/\/www.interaccionnoticias.com.mx\/index.php?rest_route=\/wp\/v2\/types\/post"}],"author":[{"embeddable":true,"href":"https:\/\/www.interaccionnoticias.com.mx\/index.php?rest_route=\/wp\/v2\/users\/32"}],"replies":[{"embeddable":true,"href":"https:\/\/www.interaccionnoticias.com.mx\/index.php?rest_route=%2Fwp%2Fv2%2Fcomments&post=88421"}],"version-history":[{"count":1,"href":"https:\/\/www.interaccionnoticias.com.mx\/index.php?rest_route=\/wp\/v2\/posts\/88421\/revisions"}],"predecessor-version":[{"id":88423,"href":"https:\/\/www.interaccionnoticias.com.mx\/index.php?rest_route=\/wp\/v2\/posts\/88421\/revisions\/88423"}],"wp:featuredmedia":[{"embeddable":true,"href":"https:\/\/www.interaccionnoticias.com.mx\/index.php?rest_route=\/wp\/v2\/media\/88422"}],"wp:attachment":[{"href":"https:\/\/www.interaccionnoticias.com.mx\/index.php?rest_route=%2Fwp%2Fv2%2Fmedia&parent=88421"}],"wp:term":[{"taxonomy":"category","embeddable":true,"href":"https:\/\/www.interaccionnoticias.com.mx\/index.php?rest_route=%2Fwp%2Fv2%2Fcategories&post=88421"},{"taxonomy":"post_tag","embeddable":true,"href":"https:\/\/www.interaccionnoticias.com.mx\/index.php?rest_route=%2Fwp%2Fv2%2Ftags&post=88421"}],"curies":[{"name":"wp","href":"https:\/\/api.w.org\/{rel}","templated":true}]}}