{"id":88418,"date":"2025-03-05T18:40:19","date_gmt":"2025-03-06T00:40:19","guid":{"rendered":"https:\/\/www.interaccionnoticias.com.mx\/?p=88418"},"modified":"2025-03-05T18:40:22","modified_gmt":"2025-03-06T00:40:22","slug":"el-ex-dirigente-estatal-del-prd-alberto-catalan-se-suma-al-pri","status":"publish","type":"post","link":"https:\/\/www.interaccionnoticias.com.mx\/?p=88418","title":{"rendered":"El ex dirigente estatal del PRD, Alberto Catal\u00e1n se suma al PRI"},"content":{"rendered":"\n<p><strong><em>&#8212; El anuncio lo hizo el presidente nacional del PRI, Alejandro Moreno C\u00e1rdenas<\/em><\/strong><\/p>\n\n\n\n<p><strong>Rosario Garc\u00eda Orozco<\/strong><\/p>\n\n\n\n<p>El ex dirigente estatal del PRD, Alberto Catal\u00e1n Bastida, se sum\u00f3 al Partido Revolucionario Institucional (PRI) como secretario General Adjunto de la Presidencia del Comit\u00e9 Ejecutivo Nacional, as\u00ed lo anunci\u00f3 este mi\u00e9rcoles el l\u00edder del tricolor, Alejandro Moreno C\u00e1rdenas.<\/p>\n\n\n\n<p>En un post a trav\u00e9s de la red social X (antes Twitter), Moreno C\u00e1rdenas comparti\u00f3 una fotograf\u00eda junto al ex dirigente del Sol Azteca en Guerrero y el senador del PRI, Manuel A\u00f1orve Ba\u00f1os.<\/p>\n\n\n\n<p>\u00abEl equipo del PRI Nacional sigue fortaleci\u00e9ndose! Beto Catal\u00e1n se suma con toda su experiencia y compromiso como Secretario General Adjunto de la Presidencia del CEN del PRI\u00bb, p\u00fablico Alejandro Moreno.<\/p>\n\n\n\n<p>El l\u00edder nacional del partido tricolor asegur\u00f3: \u00absu capacidad y entrega ser\u00e1n clave para seguir construyendo un partido cercano a la gente, firme en sus principios y listo para los grandes retos que vienen. \u00a1Vamos con todo por M\u00e9xico!\u00bb.<\/p>\n\n\n\n<p>El pasado 17 de febrero, ex perredista solicit\u00f3 al Instituto Nacional Electoral (INE) su baja del padr\u00f3n de afiliados del PRD, despu\u00e9s de militar 14 a\u00f1os en ese partido, argumentando que su salida se debi\u00f3 a la \u00abfalta de coincidencias con otros dirigentes\u00bb.<\/p>\n\n\n\n<p>El martes pasado, el tambi\u00e9n ex perredista y regidor de Seguridad P\u00fablica y Protecci\u00f3n Civil de Chilpancingo, Ernesto Franco P\u00e9rez, se afilio al PRI, luego de renunciar al Sol Azteca el 10 de febrero pasado, tras sietes a\u00f1os de militar en ese instituto pol\u00edtico, justific\u00f3 que ya no compart\u00eda la ruta del PRD.<\/p>\n\n\n\n<p>En conferencia de prensa el dirigente estatal del PRI, Alejandro Bravo Abarca anunci\u00f3 que \u00abotros\u00bb ex perredistas y ex morenistas se sumarian al Revolucionario Institucional en los pr\u00f3ximos d\u00edas.<\/p>\n","protected":false},"excerpt":{"rendered":"<p>&#8212; El anuncio lo hizo el presidente nacional del PRI, Alejandro Moreno C\u00e1rdenas Rosario Garc\u00eda Orozco El ex dirigente estatal del PRD, Alberto Catal\u00e1n Bastida, se sum\u00f3 al Partido Revolucionario&hellip; <\/p>\n","protected":false},"author":14,"featured_media":88419,"comment_status":"open","ping_status":"open","sticky":false,"template":"","format":"standard","meta":{"fifu_image_url":"","fifu_image_alt":"","footnotes":""},"categories":[18],"tags":[],"class_list":["post-88418","post","type-post","status-publish","format-standard","has-post-thumbnail","hentry","category-partidos-politicos"],"_links":{"self":[{"href":"https:\/\/www.interaccionnoticias.com.mx\/index.php?rest_route=\/wp\/v2\/posts\/88418","targetHints":{"allow":["GET"]}}],"collection":[{"href":"https:\/\/www.interaccionnoticias.com.mx\/index.php?rest_route=\/wp\/v2\/posts"}],"about":[{"href":"https:\/\/www.interaccionnoticias.com.mx\/index.php?rest_route=\/wp\/v2\/types\/post"}],"author":[{"embeddable":true,"href":"https:\/\/www.interaccionnoticias.com.mx\/index.php?rest_route=\/wp\/v2\/users\/14"}],"replies":[{"embeddable":true,"href":"https:\/\/www.interaccionnoticias.com.mx\/index.php?rest_route=%2Fwp%2Fv2%2Fcomments&post=88418"}],"version-history":[{"count":1,"href":"https:\/\/www.interaccionnoticias.com.mx\/index.php?rest_route=\/wp\/v2\/posts\/88418\/revisions"}],"predecessor-version":[{"id":88420,"href":"https:\/\/www.interaccionnoticias.com.mx\/index.php?rest_route=\/wp\/v2\/posts\/88418\/revisions\/88420"}],"wp:featuredmedia":[{"embeddable":true,"href":"https:\/\/www.interaccionnoticias.com.mx\/index.php?rest_route=\/wp\/v2\/media\/88419"}],"wp:attachment":[{"href":"https:\/\/www.interaccionnoticias.com.mx\/index.php?rest_route=%2Fwp%2Fv2%2Fmedia&parent=88418"}],"wp:term":[{"taxonomy":"category","embeddable":true,"href":"https:\/\/www.interaccionnoticias.com.mx\/index.php?rest_route=%2Fwp%2Fv2%2Fcategories&post=88418"},{"taxonomy":"post_tag","embeddable":true,"href":"https:\/\/www.interaccionnoticias.com.mx\/index.php?rest_route=%2Fwp%2Fv2%2Ftags&post=88418"}],"curies":[{"name":"wp","href":"https:\/\/api.w.org\/{rel}","templated":true}]}}