{"id":88294,"date":"2025-03-03T22:42:07","date_gmt":"2025-03-04T04:42:07","guid":{"rendered":"https:\/\/www.interaccionnoticias.com.mx\/?p=88294"},"modified":"2025-03-03T22:42:09","modified_gmt":"2025-03-04T04:42:09","slug":"escuelas-de-chilpancingo-deciden-suspender-clases-ante-probable-escasez-de-transporte-publico","status":"publish","type":"post","link":"https:\/\/www.interaccionnoticias.com.mx\/?p=88294","title":{"rendered":"Escuelas de Chilpancingo deciden suspender clases, ante probable escasez de transporte p\u00fablico"},"content":{"rendered":"\n<p><em><strong>&#8212; A consecuencia de la movilizaci\u00f3n de choferes de Monta\u00f1a Baja, del Circuito R\u00edo Azul y la zona del Valle<\/strong><\/em><\/p>\n\n\n\n<p><strong>SNI<\/strong><\/p>\n\n\n\n<p>Ante la movilizaci\u00f3n de transportistas de Monta\u00f1a Baja, Circuito R\u00edo Azul y del Valle, varias escuelas de la capital del estado decidieron suspender clases, para mantener a salvo la integridad de los estudiantes.<\/p>\n\n\n\n<p>Desde la ma\u00f1ana del lunes 3 de marzo, en diferentes plataformas informativas se anticip\u00f3 la movilizaci\u00f3n que tienen convocada organizaciones de transportistas de Chilapa y la Monta\u00f1a Baja, coordinados con las rutas del Circuito R\u00edo Azul, que abarcan los municipios de Mochitl\u00e1n y Quechultenango junto con las comunidades de Petaquillas y Tepechicotl\u00e1n, pertenecientes a Chilpancingo.<\/p>\n\n\n\n<p>A la movilizaci\u00f3n se sumaron las rutas del Valle, que representan por lo menos 11 localidades que se ubican en la ruta que va hacia el puerto de Acapulco.<\/p>\n\n\n\n<p>El punto de concentraci\u00f3n que se plantea est\u00e1 ubicado en El Parador del Marqu\u00e9s, de donde se anticipa, podr\u00edan moverse hacia Palacio de Gobierno y el Congreso local.<\/p>\n\n\n\n<p>Ante dicha informaci\u00f3n, planteles como las Secundarias Jos\u00e9 Agust\u00edn Ram\u00edrez en sus dos turnos, igual que la General Antonio I. Delgado y el CBTIS 134 decidieron suspender clases, lo que dieron a conocer a trav\u00e9s de comunicados en redes sociales.<\/p>\n\n\n\n<p>En los grupos de padres de familia de diferentes escuelas de Chilpancingo, los integrantes de los comit\u00e9s se han comenzado a coordinar para prever lo relacionado con la probable escasez de unidades del transporte p\u00fablico.<\/p>\n","protected":false},"excerpt":{"rendered":"<p>&#8212; A consecuencia de la movilizaci\u00f3n de choferes de Monta\u00f1a Baja, del Circuito R\u00edo Azul y la zona del Valle SNI Ante la movilizaci\u00f3n de transportistas de Monta\u00f1a Baja, Circuito&hellip; <\/p>\n","protected":false},"author":4,"featured_media":88295,"comment_status":"open","ping_status":"open","sticky":false,"template":"","format":"standard","meta":{"fifu_image_url":"","fifu_image_alt":"","footnotes":""},"categories":[6],"tags":[],"class_list":["post-88294","post","type-post","status-publish","format-standard","has-post-thumbnail","hentry","category-educacion"],"_links":{"self":[{"href":"https:\/\/www.interaccionnoticias.com.mx\/index.php?rest_route=\/wp\/v2\/posts\/88294","targetHints":{"allow":["GET"]}}],"collection":[{"href":"https:\/\/www.interaccionnoticias.com.mx\/index.php?rest_route=\/wp\/v2\/posts"}],"about":[{"href":"https:\/\/www.interaccionnoticias.com.mx\/index.php?rest_route=\/wp\/v2\/types\/post"}],"author":[{"embeddable":true,"href":"https:\/\/www.interaccionnoticias.com.mx\/index.php?rest_route=\/wp\/v2\/users\/4"}],"replies":[{"embeddable":true,"href":"https:\/\/www.interaccionnoticias.com.mx\/index.php?rest_route=%2Fwp%2Fv2%2Fcomments&post=88294"}],"version-history":[{"count":1,"href":"https:\/\/www.interaccionnoticias.com.mx\/index.php?rest_route=\/wp\/v2\/posts\/88294\/revisions"}],"predecessor-version":[{"id":88296,"href":"https:\/\/www.interaccionnoticias.com.mx\/index.php?rest_route=\/wp\/v2\/posts\/88294\/revisions\/88296"}],"wp:featuredmedia":[{"embeddable":true,"href":"https:\/\/www.interaccionnoticias.com.mx\/index.php?rest_route=\/wp\/v2\/media\/88295"}],"wp:attachment":[{"href":"https:\/\/www.interaccionnoticias.com.mx\/index.php?rest_route=%2Fwp%2Fv2%2Fmedia&parent=88294"}],"wp:term":[{"taxonomy":"category","embeddable":true,"href":"https:\/\/www.interaccionnoticias.com.mx\/index.php?rest_route=%2Fwp%2Fv2%2Fcategories&post=88294"},{"taxonomy":"post_tag","embeddable":true,"href":"https:\/\/www.interaccionnoticias.com.mx\/index.php?rest_route=%2Fwp%2Fv2%2Ftags&post=88294"}],"curies":[{"name":"wp","href":"https:\/\/api.w.org\/{rel}","templated":true}]}}