{"id":88268,"date":"2025-03-03T11:27:58","date_gmt":"2025-03-03T17:27:58","guid":{"rendered":"https:\/\/www.interaccionnoticias.com.mx\/?p=88268"},"modified":"2025-03-03T11:28:00","modified_gmt":"2025-03-03T17:28:00","slug":"cierro-mi-pico-dice-felix-salgado-para-terminar-con-la-polemica-sobre-la-candidatura-a-gobernador-en-2027","status":"publish","type":"post","link":"https:\/\/www.interaccionnoticias.com.mx\/?p=88268","title":{"rendered":"\u201cCierro mi Pico\u201d, dice F\u00e9lix Salgado para terminar con la pol\u00e9mica sobre la candidatura a gobernador en 2027"},"content":{"rendered":"\n<p><strong><em>&#8212; Estoy muy joven, puedo esperar hasta 2033, dice el senador de 68 a\u00f1os<\/em><\/strong><\/p>\n\n\n\n<p><strong>Rogelio Agust\u00edn<\/strong><\/p>\n\n\n\n<p>\u201cCerrar\u00e9 mi pico\u201d, sentenci\u00f3 F\u00e9lix Salgado Macedonio en otro intento por dejar de lado la pol\u00e9mica sobre la Ley contra el Nepotismo y la candidatura al Gobierno de Guerrero en 2027.<\/p>\n\n\n\n<p>El fin de semana, Salgado Macedonio habr\u00eda difundido un video desde las instalaciones del proyecto \u201cNi\u00f1os Felices\u201d, ubicado en Chilpancingo, donde de manera ir\u00f3nica se\u00f1alaba que ser\u00eda el \u00fanico afectado por el tema del nepotismo, a pesar de que dicha reforma entrar\u00e1 en vigor hasta 2030.<\/p>\n\n\n\n<p>Dijo que en el caso de la aspirante de San Luis Potos\u00ed, esposa del actual gobernador, ser\u00e1 postulada por el PVEM, en tanto que en Zacatecas, tierra de los Monreal, la postulaci\u00f3n del hermano del actual gobernador se impulsar\u00e1 por el PT.<\/p>\n\n\n\n<p>Solo en caso de Guerrero, donde el aspirante m\u00e1s fuerte es \u00e9l, la dirigencia nacional hasta anunci\u00f3 una reforma al estatuto para evitar su candidatura, aunque esta vulnere el derecho constitucional de votar y ser votado.<\/p>\n\n\n\n<p>Dichas declaraciones, para muchos representaron una abierta discrepancia con la presidenta de la Rep\u00fablica, Claudia Sheinbaum Pardo, art\u00edfice de las iniciativas contra la reelecci\u00f3n y el nepotismo.<\/p>\n\n\n\n<p>Para la ma\u00f1ana del lunes, el senador Salgado public\u00f3 un post en su Facebook: \u201cEs muy temprano para hablar de candidaturas, cerrar\u00e9 mi pico, respaldo con todo mi amor a MORENA, a la 4T y mi gran presidenta Caudia Sheinbaum\u201d.<\/p>\n\n\n\n<p>Agreg\u00f3: \u201cEstoy muy joven (68 a\u00f1os) y me puedo esperar hasta 2033 y con esto cierro el cap\u00edtulo\u201d.<\/p>\n\n\n\n<p>Precis\u00f3 que es fundador de MORENA, por lo que no est\u00e1 en la ruta de salir eventualmente del partido, por lo que destac\u00f3: \u201cMi amor y convicci\u00f3n est\u00e1 por encima de una ambici\u00f3n personal\u201d.<\/p>\n\n\n\n<p>Cierra reiterando la consigna de que en Guerrero la Patria es Primero, para fraseando al consumador de la Guerra de Independencia y llam\u00f3 a respaldar a la presidenta Sheinbaum Pardo ante los embates del Gobierno de los Estados Unidos de Norteam\u00e9rica.<\/p>\n\n\n\n<p>Esta ma\u00f1ana, la presidenta de la Republica record\u00f3 que quienes militan en MORENA saben que son parte de un proceso de transformaci\u00f3n, por eso es que de ninguna manera pueden poner las ambiciones personales por encima del proceso de transformaci\u00f3n.<\/p>\n\n\n\n<p>\u201cPara 2027, para todos aquellos que forman parte de nuestro movimiento, este no es un asunto personal, ni de ambici\u00f3n personal, estamos aqu\u00ed para servir el pueblo y el pa\u00eds\u201d, se\u00f1al\u00f3 la jefa del Ejecutivo Federal.<\/p>\n","protected":false},"excerpt":{"rendered":"<p>&#8212; Estoy muy joven, puedo esperar hasta 2033, dice el senador de 68 a\u00f1os Rogelio Agust\u00edn \u201cCerrar\u00e9 mi pico\u201d, sentenci\u00f3 F\u00e9lix Salgado Macedonio en otro intento por dejar de lado&hellip; <\/p>\n","protected":false},"author":21,"featured_media":88269,"comment_status":"open","ping_status":"open","sticky":false,"template":"","format":"standard","meta":{"fifu_image_url":"","fifu_image_alt":"","footnotes":""},"categories":[21],"tags":[],"class_list":["post-88268","post","type-post","status-publish","format-standard","has-post-thumbnail","hentry","category-politica"],"_links":{"self":[{"href":"https:\/\/www.interaccionnoticias.com.mx\/index.php?rest_route=\/wp\/v2\/posts\/88268","targetHints":{"allow":["GET"]}}],"collection":[{"href":"https:\/\/www.interaccionnoticias.com.mx\/index.php?rest_route=\/wp\/v2\/posts"}],"about":[{"href":"https:\/\/www.interaccionnoticias.com.mx\/index.php?rest_route=\/wp\/v2\/types\/post"}],"author":[{"embeddable":true,"href":"https:\/\/www.interaccionnoticias.com.mx\/index.php?rest_route=\/wp\/v2\/users\/21"}],"replies":[{"embeddable":true,"href":"https:\/\/www.interaccionnoticias.com.mx\/index.php?rest_route=%2Fwp%2Fv2%2Fcomments&post=88268"}],"version-history":[{"count":1,"href":"https:\/\/www.interaccionnoticias.com.mx\/index.php?rest_route=\/wp\/v2\/posts\/88268\/revisions"}],"predecessor-version":[{"id":88270,"href":"https:\/\/www.interaccionnoticias.com.mx\/index.php?rest_route=\/wp\/v2\/posts\/88268\/revisions\/88270"}],"wp:featuredmedia":[{"embeddable":true,"href":"https:\/\/www.interaccionnoticias.com.mx\/index.php?rest_route=\/wp\/v2\/media\/88269"}],"wp:attachment":[{"href":"https:\/\/www.interaccionnoticias.com.mx\/index.php?rest_route=%2Fwp%2Fv2%2Fmedia&parent=88268"}],"wp:term":[{"taxonomy":"category","embeddable":true,"href":"https:\/\/www.interaccionnoticias.com.mx\/index.php?rest_route=%2Fwp%2Fv2%2Fcategories&post=88268"},{"taxonomy":"post_tag","embeddable":true,"href":"https:\/\/www.interaccionnoticias.com.mx\/index.php?rest_route=%2Fwp%2Fv2%2Ftags&post=88268"}],"curies":[{"name":"wp","href":"https:\/\/api.w.org\/{rel}","templated":true}]}}