{"id":88257,"date":"2025-03-02T18:27:28","date_gmt":"2025-03-03T00:27:28","guid":{"rendered":"https:\/\/www.interaccionnoticias.com.mx\/?p=88257"},"modified":"2025-03-02T18:27:30","modified_gmt":"2025-03-03T00:27:30","slug":"ejidatarios-de-carrizalillo-acusan-a-representantes-de-equinox-gold-de-promover-la-division-en-la-comunidad","status":"publish","type":"post","link":"https:\/\/www.interaccionnoticias.com.mx\/?p=88257","title":{"rendered":"Ejidatarios de Carrizalillo acusan a representantes de Equinox Gold de promover la divisi\u00f3n en la comunidad"},"content":{"rendered":"\n<p><strong><em>&#8212; Con altavoces en mano, se presentaron a informar que la empresa se puede ir \u201cpor culpa de unos cuantos\u201d<\/em><\/strong><\/p>\n\n\n\n<p><strong>Rogelio Agust\u00edn<\/strong><\/p>\n\n\n\n<p>El comisariado ejidal de Carrizalillo acus\u00f3 a representantes de la compa\u00f1\u00eda canadiense Equinox Gold de provocar la divisi\u00f3n de la comunidad, al presentarse en la comunidad con altavoces en mano para convocar a reuniones y exponer el supuesto desarrollo que la extracci\u00f3n de oro ha dejado en la zona.<\/p>\n\n\n\n<p>En un comunicado emitido este domingo 2 de marzo, el Comisariado Ejidal inform\u00f3 que el s\u00e1bado 1, de manera sorpresiva se present\u00f3 en Carrizalillo el se\u00f1or Andr\u00e9s Souza de Amor\u00edn, gerente general de la compa\u00f1\u00eda junto con Armando Fausto Ortega, vicepresidente de la empresa en M\u00e9xico.<\/p>\n\n\n\n<p>Ellos convocaron a la poblaci\u00f3n para sostener una reuni\u00f3n publica, en la que les dar\u00edan una explicaci\u00f3n sobre el desarrollo que est\u00e1n a punto de dejar pasar, a partir de la negativa del comisariado a firmar un convenio que representa un retroceso.<\/p>\n\n\n\n<p>Dijeron que la arenga p\u00fablica representa un acto de provocaci\u00f3n, que adem\u00e1s los discrimina y estigmatiza, ya que asegura que en realidad es solo un peque\u00f1o grupo el que se opone al desarrollo.<\/p>\n\n\n\n<p>\u201cDicen que por culpa de un peque\u00f1o grupito se ir\u00e1 el desarrollo para otra parte, de tal manera que todos se quedar\u00e1n empobrecidos y volveremos a la miseria de antes, lo mismo que desde hace un a\u00f1o le han estado diciendo al Gobierno de Guerrero\u201d, se\u00f1ala el documento.<\/p>\n\n\n\n<p>Los representantes de la compa\u00f1\u00eda mencionan por nombre y apellido a los supuestos responsables de la no ratificaci\u00f3n del convenio, le piden a la comunidad que los llame a cuentas y eso ya les a generado algunas amenazas, algunas de muerte.<\/p>\n\n\n\n<p>Los integrantes del comisariado advierten que de lo que les pase, responsabilizan a Hugo Vergara, a quien se\u00f1alan, le parece intolerable que una comunidad del estado de Guerrero les exija que los traten con respeto.<\/p>\n\n\n\n<p>Para los ejidatarios, la actitud de la empresa se puede interpretar como una provocaci\u00f3n, pues al parecer buscaban que los lugare\u00f1os los agredieran para de esa manera poder presentar denuncias penales contra los l\u00edderes.<\/p>\n\n\n\n<p>Sin embargo, al punto donde se convoc\u00f3 a la comunidad llegaron de 15 a 18 personas, algunas de ellas increparon a los representantes de la empresa, destacando el hecho de que Carrizalillo tiene aproximadamente 3 mil 500 habitantes.<\/p>\n\n\n\n<p>Dijeron que la forma en que los representantes de la compa\u00f1\u00eda pudo generar una confrontaci\u00f3n, aunque afortunadamente solo acudieron algunas personas, pero les hicieron saber que la comunidad no est\u00e1 dispuesta a seguir tolerando malos tratos y convenios con cl\u00e1usulas que son un retroceso para la comunidad.<\/p>\n\n\n\n<p>Los ejidatarios manifestaron que est\u00e1n dispuestos a dialogar con los representantes de la compa\u00f1\u00eda, pero reiteraron que no van a permitir que se les impongan t\u00e9rminos que solo representan un retroceso.<\/p>\n\n\n\n<p>Pudieron a las autoridades mantenerse atentos, pues lo sucedido este s\u00e1bado 1 de marzo es una muestra de que Equinox Gold no dudar\u00e1 en generar una confrontaci\u00f3n.<\/p>\n","protected":false},"excerpt":{"rendered":"<p>&#8212; Con altavoces en mano, se presentaron a informar que la empresa se puede ir \u201cpor culpa de unos cuantos\u201d Rogelio Agust\u00edn El comisariado ejidal de Carrizalillo acus\u00f3 a representantes&hellip; <\/p>\n","protected":false},"author":21,"featured_media":87772,"comment_status":"open","ping_status":"open","sticky":false,"template":"","format":"standard","meta":{"fifu_image_url":"","fifu_image_alt":"","footnotes":""},"categories":[23],"tags":[],"class_list":["post-88257","post","type-post","status-publish","format-standard","has-post-thumbnail","hentry","category-regionales"],"_links":{"self":[{"href":"https:\/\/www.interaccionnoticias.com.mx\/index.php?rest_route=\/wp\/v2\/posts\/88257","targetHints":{"allow":["GET"]}}],"collection":[{"href":"https:\/\/www.interaccionnoticias.com.mx\/index.php?rest_route=\/wp\/v2\/posts"}],"about":[{"href":"https:\/\/www.interaccionnoticias.com.mx\/index.php?rest_route=\/wp\/v2\/types\/post"}],"author":[{"embeddable":true,"href":"https:\/\/www.interaccionnoticias.com.mx\/index.php?rest_route=\/wp\/v2\/users\/21"}],"replies":[{"embeddable":true,"href":"https:\/\/www.interaccionnoticias.com.mx\/index.php?rest_route=%2Fwp%2Fv2%2Fcomments&post=88257"}],"version-history":[{"count":1,"href":"https:\/\/www.interaccionnoticias.com.mx\/index.php?rest_route=\/wp\/v2\/posts\/88257\/revisions"}],"predecessor-version":[{"id":88258,"href":"https:\/\/www.interaccionnoticias.com.mx\/index.php?rest_route=\/wp\/v2\/posts\/88257\/revisions\/88258"}],"wp:featuredmedia":[{"embeddable":true,"href":"https:\/\/www.interaccionnoticias.com.mx\/index.php?rest_route=\/wp\/v2\/media\/87772"}],"wp:attachment":[{"href":"https:\/\/www.interaccionnoticias.com.mx\/index.php?rest_route=%2Fwp%2Fv2%2Fmedia&parent=88257"}],"wp:term":[{"taxonomy":"category","embeddable":true,"href":"https:\/\/www.interaccionnoticias.com.mx\/index.php?rest_route=%2Fwp%2Fv2%2Fcategories&post=88257"},{"taxonomy":"post_tag","embeddable":true,"href":"https:\/\/www.interaccionnoticias.com.mx\/index.php?rest_route=%2Fwp%2Fv2%2Ftags&post=88257"}],"curies":[{"name":"wp","href":"https:\/\/api.w.org\/{rel}","templated":true}]}}