{"id":88254,"date":"2025-03-02T18:08:32","date_gmt":"2025-03-03T00:08:32","guid":{"rendered":"https:\/\/www.interaccionnoticias.com.mx\/?p=88254"},"modified":"2025-03-02T18:08:35","modified_gmt":"2025-03-03T00:08:35","slug":"lider-del-congreso-niega-omision-en-cuanto-a-la-ley-de-desaparicion-forzada-de-personas","status":"publish","type":"post","link":"https:\/\/www.interaccionnoticias.com.mx\/?p=88254","title":{"rendered":"L\u00edder del Congreso niega omisi\u00f3n en cuanto a la Ley de Desaparici\u00f3n Forzada de Personas"},"content":{"rendered":"\n<p><strong><em>&#8212; Hay aspectos que requieren de la canalizaci\u00f3n de recursos, que actualmente no se tienen<\/em><\/strong><\/p>\n\n\n\n<p><strong>Rogelio Agust\u00edn<\/strong><\/p>\n\n\n\n<p>El presidente de la Junta de Coordinaci\u00f3n Pol\u00edtica (JUCOPO) del Congreso local, Jes\u00fas Uri\u00f3stegui Garc\u00eda neg\u00f3 que haya omisi\u00f3n en torno a la iniciativa de Ley Contra la Desaparici\u00f3n Forzada de Personas, como demandan diferentes colectivos en la entidad.<\/p>\n\n\n\n<p>Uri\u00f3stegui Garc\u00eda reconoci\u00f3 que es v\u00e1lida la inquietud que de manera recurrente plantean los colectivos de familiares que buscan a sus seres queridos, sin embargo, record\u00f3 que los integrantes del Congreso deben actuar con mucha responsabilidad.<\/p>\n\n\n\n<p>En el caso de la Ley Contra la Desaparici\u00f3n Forzada de Personas, destac\u00f3 que hay algunos de sus aspectos que involucran la canalizaci\u00f3n de recursos y en otros el incremento a lo que ya se dispone.<\/p>\n\n\n\n<p>Bajo dicha circunstancia, es necesario entrar en un proceso de dialogo con la Comisi\u00f3n de Derechos Humanos del Estado de Guerrero (CDHEG), la Comisi\u00f3n Estatal de Atenci\u00f3n a V\u00edctimas (CEAV) y la Secretar\u00eda de Finanzas del Gobierno de Guerrero.<\/p>\n\n\n\n<p>Dijo que este a\u00f1o, Guerrero no logr\u00f3 consolidar el presupuesto que inicialmente se hab\u00eda planteado, ya que hubo un ajuste a la baja por 2 mil millones de pesos.<\/p>\n\n\n\n<p>En la Ley que est\u00e1 a la espera de su aprobaci\u00f3n, dijo que se debe procurar que todos los aspectos que necesitan recursos deben quedar debidamente soportados.<\/p>\n\n\n\n<p>A pregunta expresa, dijo que se han buscado los espacios para atender a los colectivos que integran las familias de desaparecidos, aunque reconoci\u00f3 que todav\u00eda hay espacios sobre los que se debe trabajar.<\/p>\n\n\n\n<p>En estos momentos, dijo que no hay recursos suficientes para cubrir completamente todos los aspectos de la Ley Contra la Desaparici\u00f3n Forzada, por eso es que se dialoga de manera recurrente con la Secretar\u00eda de Finanzas y con la propia comisi\u00f3n de Derechos Humanos.<\/p>\n","protected":false},"excerpt":{"rendered":"<p>&#8212; Hay aspectos que requieren de la canalizaci\u00f3n de recursos, que actualmente no se tienen Rogelio Agust\u00edn El presidente de la Junta de Coordinaci\u00f3n Pol\u00edtica (JUCOPO) del Congreso local, Jes\u00fas&hellip; <\/p>\n","protected":false},"author":21,"featured_media":88255,"comment_status":"open","ping_status":"open","sticky":false,"template":"","format":"standard","meta":{"fifu_image_url":"","fifu_image_alt":"","footnotes":""},"categories":[2],"tags":[],"class_list":["post-88254","post","type-post","status-publish","format-standard","has-post-thumbnail","hentry","category-congreso"],"_links":{"self":[{"href":"https:\/\/www.interaccionnoticias.com.mx\/index.php?rest_route=\/wp\/v2\/posts\/88254","targetHints":{"allow":["GET"]}}],"collection":[{"href":"https:\/\/www.interaccionnoticias.com.mx\/index.php?rest_route=\/wp\/v2\/posts"}],"about":[{"href":"https:\/\/www.interaccionnoticias.com.mx\/index.php?rest_route=\/wp\/v2\/types\/post"}],"author":[{"embeddable":true,"href":"https:\/\/www.interaccionnoticias.com.mx\/index.php?rest_route=\/wp\/v2\/users\/21"}],"replies":[{"embeddable":true,"href":"https:\/\/www.interaccionnoticias.com.mx\/index.php?rest_route=%2Fwp%2Fv2%2Fcomments&post=88254"}],"version-history":[{"count":1,"href":"https:\/\/www.interaccionnoticias.com.mx\/index.php?rest_route=\/wp\/v2\/posts\/88254\/revisions"}],"predecessor-version":[{"id":88256,"href":"https:\/\/www.interaccionnoticias.com.mx\/index.php?rest_route=\/wp\/v2\/posts\/88254\/revisions\/88256"}],"wp:featuredmedia":[{"embeddable":true,"href":"https:\/\/www.interaccionnoticias.com.mx\/index.php?rest_route=\/wp\/v2\/media\/88255"}],"wp:attachment":[{"href":"https:\/\/www.interaccionnoticias.com.mx\/index.php?rest_route=%2Fwp%2Fv2%2Fmedia&parent=88254"}],"wp:term":[{"taxonomy":"category","embeddable":true,"href":"https:\/\/www.interaccionnoticias.com.mx\/index.php?rest_route=%2Fwp%2Fv2%2Fcategories&post=88254"},{"taxonomy":"post_tag","embeddable":true,"href":"https:\/\/www.interaccionnoticias.com.mx\/index.php?rest_route=%2Fwp%2Fv2%2Ftags&post=88254"}],"curies":[{"name":"wp","href":"https:\/\/api.w.org\/{rel}","templated":true}]}}