{"id":88230,"date":"2025-03-01T16:55:00","date_gmt":"2025-03-01T22:55:00","guid":{"rendered":"https:\/\/www.interaccionnoticias.com.mx\/?p=88230"},"modified":"2025-03-01T21:15:29","modified_gmt":"2025-03-02T03:15:29","slug":"abelina-asegura-que-violencia-esta-controlada-en-acapulco","status":"publish","type":"post","link":"https:\/\/www.interaccionnoticias.com.mx\/?p=88230","title":{"rendered":"Abelina asegura que violencia est\u00e1 controlada en Acapulco"},"content":{"rendered":"\n<p><strong><em>&#8212; El \u00faltimo ataque cobr\u00f3 la vida de un hombre, una mam\u00e1 y su hijo de apenas ocho a\u00f1os de edad<br>&#8212; En las \u00faltimas 24 horas tres.muertos y dos camionetas quemadas<\/em><\/strong><\/p>\n\n\n\n<p><strong>Javier Trujillo<\/strong><\/p>\n\n\n\n<p>Acapulco, Gro.- Tras el triple homicidio que se cometi\u00f3 la noche del viernes en la zona urbana de la colonia Progreso, y que dej\u00f3 entre las v\u00edctimas un ni\u00f1o de ocho a\u00f1os de edad sin vida, la alcaldesa Abelina L\u00f3pez Rodr\u00edguez aseguro que la seguridad est\u00e1 controlada y en calma.<\/p>\n\n\n\n<p>\u00abEsta garantizado, hay una buena relaci\u00f3n entre los tres \u00f3rdenes de gobierno y siempre se ha priorizado el tema de la seguridad.<\/p>\n\n\n\n<p>\u00abEntonces sin problema han pasado estos d\u00edas y sin problema van a seguir pasando en estos d\u00edas\u00bb, respondi\u00f3 en entrevista en la zona Diamante, durante un c\u00f3ctel previo a la final del Abierto Mexicano de Tenis en Acapulco.<\/p>\n\n\n\n<p>El \u00faltimo crimen ocurri\u00f3 la noche del 28 de febrero en la populosa colonia Progreso, donde un hombre fue asesinado; una mujer y su hijo resultaron lesionados de gravedad y fallecieron horas m\u00e1s tarde en un hospital privado.<\/p>\n\n\n\n<p>En la \u00faltima semana el puerto sufri\u00f3 una escalada de hechos violentos que cobr\u00f3 la vida de al menos seis personas, entre ellos una madre y un ni\u00f1o. Adem\u00e1s de un agente de la Polic\u00eda vial de la Secretar\u00eda de Seguridad P\u00fablica municipal, quien fue asesinado en pleno d\u00eda en la vigilada Costera Miguel Alem\u00e1n.<\/p>\n\n\n\n<p>Con relaci\u00f3n al bloqueo por m\u00e1s de seis horas en plena costera Miguel Alem\u00e1n en la Diana Cazadora, y que se reanud\u00f3 a partir de las 16:00 horas nuevamente se instal\u00f3 en la principal arteria turistica del puerto.<\/p>\n\n\n\n<p>Ahora la edil porte\u00f1a, descalific\u00f3 a los quejosos y remarc\u00f3 que \u00abson aviadores, como Manuel Alcaraz (l\u00edder de la secci\u00f3n 23 del sindicato independiente), es un aviador, y yo no puedo estar pagando a quien no trabaja.<\/p>\n\n\n\n<p>\u00abEso es extorsi\u00f3n y se castiga con la c\u00e1rcel, Acapulco tiene que pasar a otro momento, me parece que tenemos que cuidar la ciudad\u00bb, dijo la tambi\u00e9n doctora en derecho penal, L\u00f3pez Rodr\u00edguez.<\/p>\n","protected":false},"excerpt":{"rendered":"<p>&#8212; El \u00faltimo ataque cobr\u00f3 la vida de un hombre, una mam\u00e1 y su hijo de apenas ocho a\u00f1os de edad&#8212; En las \u00faltimas 24 horas tres.muertos y dos camionetas&hellip; <\/p>\n","protected":false},"author":3,"featured_media":88231,"comment_status":"open","ping_status":"open","sticky":false,"template":"","format":"standard","meta":{"fifu_image_url":"","fifu_image_alt":"","footnotes":""},"categories":[242],"tags":[],"class_list":["post-88230","post","type-post","status-publish","format-standard","has-post-thumbnail","hentry","category-acapulco"],"_links":{"self":[{"href":"https:\/\/www.interaccionnoticias.com.mx\/index.php?rest_route=\/wp\/v2\/posts\/88230","targetHints":{"allow":["GET"]}}],"collection":[{"href":"https:\/\/www.interaccionnoticias.com.mx\/index.php?rest_route=\/wp\/v2\/posts"}],"about":[{"href":"https:\/\/www.interaccionnoticias.com.mx\/index.php?rest_route=\/wp\/v2\/types\/post"}],"author":[{"embeddable":true,"href":"https:\/\/www.interaccionnoticias.com.mx\/index.php?rest_route=\/wp\/v2\/users\/3"}],"replies":[{"embeddable":true,"href":"https:\/\/www.interaccionnoticias.com.mx\/index.php?rest_route=%2Fwp%2Fv2%2Fcomments&post=88230"}],"version-history":[{"count":1,"href":"https:\/\/www.interaccionnoticias.com.mx\/index.php?rest_route=\/wp\/v2\/posts\/88230\/revisions"}],"predecessor-version":[{"id":88232,"href":"https:\/\/www.interaccionnoticias.com.mx\/index.php?rest_route=\/wp\/v2\/posts\/88230\/revisions\/88232"}],"wp:featuredmedia":[{"embeddable":true,"href":"https:\/\/www.interaccionnoticias.com.mx\/index.php?rest_route=\/wp\/v2\/media\/88231"}],"wp:attachment":[{"href":"https:\/\/www.interaccionnoticias.com.mx\/index.php?rest_route=%2Fwp%2Fv2%2Fmedia&parent=88230"}],"wp:term":[{"taxonomy":"category","embeddable":true,"href":"https:\/\/www.interaccionnoticias.com.mx\/index.php?rest_route=%2Fwp%2Fv2%2Fcategories&post=88230"},{"taxonomy":"post_tag","embeddable":true,"href":"https:\/\/www.interaccionnoticias.com.mx\/index.php?rest_route=%2Fwp%2Fv2%2Ftags&post=88230"}],"curies":[{"name":"wp","href":"https:\/\/api.w.org\/{rel}","templated":true}]}}