{"id":8809,"date":"2017-10-02T20:45:26","date_gmt":"2017-10-03T01:45:26","guid":{"rendered":"http:\/\/www.inter-accion.com.mx\/?p=8809"},"modified":"2017-10-02T20:45:26","modified_gmt":"2017-10-03T01:45:26","slug":"niega-pf-envio-de-personal-adicional-a-chilapa-para-atender-la-crisis-humanitaria","status":"publish","type":"post","link":"https:\/\/www.interaccionnoticias.com.mx\/?p=8809","title":{"rendered":"Niega PF env\u00edo de personal adicional a Chilapa, para atender la crisis humanitaria"},"content":{"rendered":"<p><br \/>\n<strong>En dicho municipio van m\u00e1s de 200 asesinatos en lo que va del a\u00f1o, el transporte p\u00fablico est\u00e1 restringido<\/strong><br \/>\nLa Direcci\u00f3n de Asuntos Jur\u00eddicos de la Comisi\u00f3n Nacional de Seguridad (CNS) neg\u00f3 al colectivo \u201cSiempre vivos\u201d la asignaci\u00f3n de personal adicional de la Polic\u00eda Federal (PF), con la intenci\u00f3n de atender la \u201ccrisis humanitaria\u201d que se enfrenta en Chilapa, municipio en donde durante 2017 se han registrado por lo menos 200 asesinatos y el servicio de transporte p\u00fablico hacia Tixtla y Chilpancingo est\u00e1 suspendido por falta de garant\u00edas.<br \/>\nLa tarde del 2 de octubre, aproximadamente a las 17:00 horas, el vocero del colectivo \u201cSiempre vivos\u201d de Chilapa, Jos\u00e9 D\u00edaz Navarro recibi\u00f3 un escrito de respuesta a la petici\u00f3n de auxilio hecha la jornada del 13 de septiembre ante la Secretar\u00eda de Gobernaci\u00f3n (SEGOB).<br \/>\nEn el documento de petici\u00f3n, el colectivo de referencia plantea la necesidad de asignar personal adicional de la PF con la intenci\u00f3n de restablecer la armon\u00eda y la paz social en la zona.<br \/>\nEn el documento de respuesta se invoca la Constituci\u00f3n General de la Rep\u00fablica para para argumentar que la seguridad p\u00fablica es una tarea que le compete atender a los tres niveles de gobierno.<br \/>\nDespu\u00e9s, sin desestimar la importancia del planteamiento de los habitantes de Chilapa, se sugiere recurrir en una primera instancia a la&nbsp;Secretar\u00eda de Seguridad P\u00fablica (SSP) del estado, a quien se anota: \u201cle corresponde llevar a cabo las acciones encaminadas a garantizar la seguridad p\u00fablica, para salvaguardar la integridad y derechos de las personas\u201d.<br \/>\nTambi\u00e9n explica que las unidades de Gendarmer\u00eda y Fuerzas Federales ya cuentan con despliegues operativos asignados en la entidad, que act\u00faan de manera coordinada con las autoridades estatales en tareas espec\u00edficas.<br \/>\nSe agrega que derivado de los hechos que se han registrado en diferentes entidades, \u201cun n\u00famero importante de integrantes que conforman la Polic\u00eda Federal (PF) se encuentran desplegados para realizar funciones para el restablecimiento del orden y la paz p\u00fablicos, as\u00ed como prevenir e investigar la comisi\u00f3n de delitos, entre otros\u201d.<br \/>\nY cierra: \u201cPor el momento no es posible adicionar recursos humanos a los ya existentes en el estado de Guerrero\u201d.<br \/>\nLa respuesta de la PF est\u00e1 firmada por la inspectora Jacquine Orozco Rebollar, directora general adjunta de la Direcci\u00f3n de Asuntos Jur\u00eddicos de la PF.<br \/>\nEl env\u00edo de dicho documento gener\u00f3 malestar en el colectivo \u00abSiempre vivos\u00bb de Chiapa,&nbsp;que confiaban en tener una respuesta positiva.&nbsp; &nbsp;<\/p>\n","protected":false},"excerpt":{"rendered":"<p>En dicho municipio van m\u00e1s de 200 asesinatos en lo que va del a\u00f1o, el transporte p\u00fablico est\u00e1 restringido La Direcci\u00f3n de Asuntos Jur\u00eddicos de la Comisi\u00f3n Nacional de Seguridad&hellip; <\/p>\n","protected":false},"author":1,"featured_media":0,"comment_status":"closed","ping_status":"closed","sticky":false,"template":"","format":"standard","meta":{"fifu_image_url":"","fifu_image_alt":"","footnotes":""},"categories":[8,27],"tags":[],"class_list":["post-8809","post","type-post","status-publish","format-standard","hentry","category-featured","category-seguridad-publica"],"_links":{"self":[{"href":"https:\/\/www.interaccionnoticias.com.mx\/index.php?rest_route=\/wp\/v2\/posts\/8809","targetHints":{"allow":["GET"]}}],"collection":[{"href":"https:\/\/www.interaccionnoticias.com.mx\/index.php?rest_route=\/wp\/v2\/posts"}],"about":[{"href":"https:\/\/www.interaccionnoticias.com.mx\/index.php?rest_route=\/wp\/v2\/types\/post"}],"author":[{"embeddable":true,"href":"https:\/\/www.interaccionnoticias.com.mx\/index.php?rest_route=\/wp\/v2\/users\/1"}],"replies":[{"embeddable":true,"href":"https:\/\/www.interaccionnoticias.com.mx\/index.php?rest_route=%2Fwp%2Fv2%2Fcomments&post=8809"}],"version-history":[{"count":0,"href":"https:\/\/www.interaccionnoticias.com.mx\/index.php?rest_route=\/wp\/v2\/posts\/8809\/revisions"}],"wp:attachment":[{"href":"https:\/\/www.interaccionnoticias.com.mx\/index.php?rest_route=%2Fwp%2Fv2%2Fmedia&parent=8809"}],"wp:term":[{"taxonomy":"category","embeddable":true,"href":"https:\/\/www.interaccionnoticias.com.mx\/index.php?rest_route=%2Fwp%2Fv2%2Fcategories&post=8809"},{"taxonomy":"post_tag","embeddable":true,"href":"https:\/\/www.interaccionnoticias.com.mx\/index.php?rest_route=%2Fwp%2Fv2%2Ftags&post=8809"}],"curies":[{"name":"wp","href":"https:\/\/api.w.org\/{rel}","templated":true}]}}