{"id":8805,"date":"2017-10-02T19:32:35","date_gmt":"2017-10-03T00:32:35","guid":{"rendered":"http:\/\/www.inter-accion.com.mx\/?p=8805"},"modified":"2017-10-02T19:32:35","modified_gmt":"2017-10-03T00:32:35","slug":"en-homenaje-a-los-caidos-del-68-exigen-justicia-para-25-universitarios-asesinados-en-cuatro-anos","status":"publish","type":"post","link":"https:\/\/www.interaccionnoticias.com.mx\/?p=8805","title":{"rendered":"En homenaje a los ca\u00eddos del 68, exigen justicia para 25 universitarios asesinados en cuatro a\u00f1os"},"content":{"rendered":"<p><strong><img loading=\"lazy\" decoding=\"async\" src=\"data:image\/gif;base64,R0lGODlhAQABAIAAAAAAAP\/\/\/ywAAAAAAQABAAACAUwAOw==\" fifu-lazy=\"1\" fifu-data-sizes=\"auto\" fifu-data-srcset=\"https:\/\/i2.wp.com\/www.inter-accion.com.mx\/wp-content\/uploads\/2017\/10\/22243623_10214376176980794_337778764_o.jpg?ssl=1&w=75&resize=75&ssl=1 75w, https:\/\/i2.wp.com\/www.inter-accion.com.mx\/wp-content\/uploads\/2017\/10\/22243623_10214376176980794_337778764_o.jpg?ssl=1&w=100&resize=100&ssl=1 100w, https:\/\/i2.wp.com\/www.inter-accion.com.mx\/wp-content\/uploads\/2017\/10\/22243623_10214376176980794_337778764_o.jpg?ssl=1&w=150&resize=150&ssl=1 150w, https:\/\/i2.wp.com\/www.inter-accion.com.mx\/wp-content\/uploads\/2017\/10\/22243623_10214376176980794_337778764_o.jpg?ssl=1&w=240&resize=240&ssl=1 240w, https:\/\/i2.wp.com\/www.inter-accion.com.mx\/wp-content\/uploads\/2017\/10\/22243623_10214376176980794_337778764_o.jpg?ssl=1&w=320&resize=320&ssl=1 320w, https:\/\/i2.wp.com\/www.inter-accion.com.mx\/wp-content\/uploads\/2017\/10\/22243623_10214376176980794_337778764_o.jpg?ssl=1&w=500&resize=500&ssl=1 500w, https:\/\/i2.wp.com\/www.inter-accion.com.mx\/wp-content\/uploads\/2017\/10\/22243623_10214376176980794_337778764_o.jpg?ssl=1&w=640&resize=640&ssl=1 640w, https:\/\/i2.wp.com\/www.inter-accion.com.mx\/wp-content\/uploads\/2017\/10\/22243623_10214376176980794_337778764_o.jpg?ssl=1&w=800&resize=800&ssl=1 800w, https:\/\/i2.wp.com\/www.inter-accion.com.mx\/wp-content\/uploads\/2017\/10\/22243623_10214376176980794_337778764_o.jpg?ssl=1&w=1024&resize=1024&ssl=1 1024w, https:\/\/i2.wp.com\/www.inter-accion.com.mx\/wp-content\/uploads\/2017\/10\/22243623_10214376176980794_337778764_o.jpg?ssl=1&w=1280&resize=1280&ssl=1 1280w, https:\/\/i2.wp.com\/www.inter-accion.com.mx\/wp-content\/uploads\/2017\/10\/22243623_10214376176980794_337778764_o.jpg?ssl=1&w=1600&resize=1600&ssl=1 1600w\" class=\"alignnone size-full wp-image-8807\" fifu-data-src=\"https:\/\/i2.wp.com\/www.inter-accion.com.mx\/wp-content\/uploads\/2017\/10\/22243623_10214376176980794_337778764_o.jpg?ssl=1\" alt=\"\" width=\"1920\" height=\"1080\">El rector da un plazo de tres d\u00edas para esclarecer el crimen del director de prepa 2, en Acapulco<\/strong><br \/>\nEn el homenaje que se desarroll\u00f3 en memoria de los ca\u00eddos de la masacre del 2 de octubre de 1968, los participantes&nbsp;&nbsp;exigieron justicia para 25 estudiantes y maestros de la Universidad Aut\u00f3noma de Guerrero (UAGro) que han sido asesinados de 2013 a la fecha.<br \/>\nEn el acto de izamiento de la bandera, el rector Javier Salda\u00f1a Almaz\u00e1n orden\u00f3 que el l\u00e1baro patrio quedara a media asta, en se\u00f1al de luto.<br \/>\nEvoc\u00f3 la lucha hist\u00f3rica de los ca\u00eddos durante la jornada de 2 de octubre de 1968, en la plaza de las Tres Culturas y record\u00f3 que su lucha fue a favor de la justicia social y la educaci\u00f3n en el pa\u00eds.<br \/>\n\u201cNosotros en este d\u00eda nos encontramos tristes porque de manera vil, de manera no calificable, un compa\u00f1ero que fue mi compa\u00f1ero en el aula y que se dedic\u00f3 a estudiar su maestr\u00eda, que era un director de los m\u00e1s transparentes; gente que se dedicaba a trabajar y que cuando le toc\u00f3 esa bala que le quit\u00f3 la vida iba rumbo a su escuela en s\u00e1bado para seguir trabajando\u201d, anot\u00f3.<br \/>\nSe refiri\u00f3 de manera directa al caso de Jos\u00e9 Villanueva Arce, director de prepa 2, quien fue asesinado en el puerto de Acapulco y de cuyo caso solicit\u00f3 avances a la Fiscal\u00eda General del Estado (FGE).<br \/>\nOrden\u00f3 quela bandera quedara a media asta en se\u00f1al de luto por tres razones; en memoria de los ca\u00eddos del 2 de octubre de 1968, por por la presentaci\u00f3n con vida de los 43 estudiantes de la Normal Rural de Ayotzinapa y tambi\u00e9n por los universitarios asesinados en los \u00faltimos a\u00f1os.<br \/>\nEn esa parte dirigi\u00f3 un emplazamiento concreto: \u201cLe damos tres d\u00edas al fiscal del estado para que nos de una respuesta, porque esos hombres que le quitaron la vida a Jos\u00e9 Villanueva Arce pueden seguir haciendo males\u201d.<br \/>\nY remarc\u00f3: \u201cLos m\u00e1s de 90 mil universitarios le decimos al fiscal que queremos una respuesta inmediata, para que se esclarezca este crimen que nos duele a todos los universitarios\u201d.<br \/>\nEn el monumento a los m\u00e1rtires del 60, organizaciones sociales y trabajadores de la UAGro tambi\u00e9n realizaron un acto conmemorativo a la masacre en la plaza de las tres culturas.<br \/>\nAh\u00ed, Andr\u00e9s Najera Hern\u00e1ndez, integrante del Sindicato de Trabajadores Acad\u00e9micos de la instituci\u00f3n, se\u00f1al\u00f3 que de 2013 a la fecha se tiene un registro de 25 universitarios, entre maestros y estudiantes que han sido asesinados en actos relacionados con la operaci\u00f3n de grupos del crimen organizado.&nbsp;&nbsp;&nbsp;&nbsp;<br \/>\nRecord\u00f3 que apenas el s\u00e1bado, el profesor Jos\u00e9 Villanueva fue asesinado en Acapulco y tambi\u00e9n se pronunciaron a favor de que haya una investigaci\u00f3n puntual y se detenga a los responsables.<\/p>\n","protected":false},"excerpt":{"rendered":"<p>El rector da un plazo de tres d\u00edas para esclarecer el crimen del director de prepa 2, en Acapulco En el homenaje que se desarroll\u00f3 en memoria de los ca\u00eddos&hellip; <\/p>\n","protected":false},"author":1,"featured_media":0,"comment_status":"closed","ping_status":"closed","sticky":false,"template":"","format":"standard","meta":{"fifu_image_url":"","fifu_image_alt":"","footnotes":""},"categories":[8,15],"tags":[],"class_list":["post-8805","post","type-post","status-publish","format-standard","hentry","category-featured","category-movimientos-sociales"],"_links":{"self":[{"href":"https:\/\/www.interaccionnoticias.com.mx\/index.php?rest_route=\/wp\/v2\/posts\/8805","targetHints":{"allow":["GET"]}}],"collection":[{"href":"https:\/\/www.interaccionnoticias.com.mx\/index.php?rest_route=\/wp\/v2\/posts"}],"about":[{"href":"https:\/\/www.interaccionnoticias.com.mx\/index.php?rest_route=\/wp\/v2\/types\/post"}],"author":[{"embeddable":true,"href":"https:\/\/www.interaccionnoticias.com.mx\/index.php?rest_route=\/wp\/v2\/users\/1"}],"replies":[{"embeddable":true,"href":"https:\/\/www.interaccionnoticias.com.mx\/index.php?rest_route=%2Fwp%2Fv2%2Fcomments&post=8805"}],"version-history":[{"count":0,"href":"https:\/\/www.interaccionnoticias.com.mx\/index.php?rest_route=\/wp\/v2\/posts\/8805\/revisions"}],"wp:attachment":[{"href":"https:\/\/www.interaccionnoticias.com.mx\/index.php?rest_route=%2Fwp%2Fv2%2Fmedia&parent=8805"}],"wp:term":[{"taxonomy":"category","embeddable":true,"href":"https:\/\/www.interaccionnoticias.com.mx\/index.php?rest_route=%2Fwp%2Fv2%2Fcategories&post=8805"},{"taxonomy":"post_tag","embeddable":true,"href":"https:\/\/www.interaccionnoticias.com.mx\/index.php?rest_route=%2Fwp%2Fv2%2Ftags&post=8805"}],"curies":[{"name":"wp","href":"https:\/\/api.w.org\/{rel}","templated":true}]}}