{"id":8799,"date":"2017-10-02T19:06:12","date_gmt":"2017-10-03T00:06:12","guid":{"rendered":"http:\/\/www.inter-accion.com.mx\/?p=8799"},"modified":"2017-10-02T19:06:12","modified_gmt":"2017-10-03T00:06:12","slug":"pf-asegura-400-kilos-de-marihuana-en-la-carretera-iguala-cuernavaca","status":"publish","type":"post","link":"https:\/\/www.interaccionnoticias.com.mx\/?p=8799","title":{"rendered":"PF asegura 400 kilos de marihuana en la carretera Iguala-Cuernavaca"},"content":{"rendered":"<p><strong><img loading=\"lazy\" decoding=\"async\" src=\"data:image\/gif;base64,R0lGODlhAQABAIAAAAAAAP\/\/\/ywAAAAAAQABAAACAUwAOw==\" fifu-lazy=\"1\" fifu-data-sizes=\"auto\" fifu-data-srcset=\"https:\/\/i1.wp.com\/www.inter-accion.com.mx\/wp-content\/uploads\/2017\/10\/22264809_10214376055777764_1258693218_n-1.jpg?ssl=1&w=75&resize=75&ssl=1 75w, https:\/\/i1.wp.com\/www.inter-accion.com.mx\/wp-content\/uploads\/2017\/10\/22264809_10214376055777764_1258693218_n-1.jpg?ssl=1&w=100&resize=100&ssl=1 100w, https:\/\/i1.wp.com\/www.inter-accion.com.mx\/wp-content\/uploads\/2017\/10\/22264809_10214376055777764_1258693218_n-1.jpg?ssl=1&w=150&resize=150&ssl=1 150w, https:\/\/i1.wp.com\/www.inter-accion.com.mx\/wp-content\/uploads\/2017\/10\/22264809_10214376055777764_1258693218_n-1.jpg?ssl=1&w=240&resize=240&ssl=1 240w, https:\/\/i1.wp.com\/www.inter-accion.com.mx\/wp-content\/uploads\/2017\/10\/22264809_10214376055777764_1258693218_n-1.jpg?ssl=1&w=320&resize=320&ssl=1 320w, https:\/\/i1.wp.com\/www.inter-accion.com.mx\/wp-content\/uploads\/2017\/10\/22264809_10214376055777764_1258693218_n-1.jpg?ssl=1&w=500&resize=500&ssl=1 500w, https:\/\/i1.wp.com\/www.inter-accion.com.mx\/wp-content\/uploads\/2017\/10\/22264809_10214376055777764_1258693218_n-1.jpg?ssl=1&w=640&resize=640&ssl=1 640w, https:\/\/i1.wp.com\/www.inter-accion.com.mx\/wp-content\/uploads\/2017\/10\/22264809_10214376055777764_1258693218_n-1.jpg?ssl=1&w=800&resize=800&ssl=1 800w, https:\/\/i1.wp.com\/www.inter-accion.com.mx\/wp-content\/uploads\/2017\/10\/22264809_10214376055777764_1258693218_n-1.jpg?ssl=1&w=1024&resize=1024&ssl=1 1024w, https:\/\/i1.wp.com\/www.inter-accion.com.mx\/wp-content\/uploads\/2017\/10\/22264809_10214376055777764_1258693218_n-1.jpg?ssl=1&w=1280&resize=1280&ssl=1 1280w, https:\/\/i1.wp.com\/www.inter-accion.com.mx\/wp-content\/uploads\/2017\/10\/22264809_10214376055777764_1258693218_n-1.jpg?ssl=1&w=1600&resize=1600&ssl=1 1600w\" class=\"alignnone size-full wp-image-8802\" fifu-data-src=\"https:\/\/i1.wp.com\/www.inter-accion.com.mx\/wp-content\/uploads\/2017\/10\/22264809_10214376055777764_1258693218_n-1.jpg?ssl=1\" alt=\"\" width=\"960\" height=\"540\">La Polic\u00eda del Estado detiene a individuo con droga y moto robada en Arcelia<\/strong><br \/>\nLa Polic\u00eda Federal (PF) asegur\u00f3 un cargamento de droga que era trasladado en la carga de un cami\u00f3n sobre la carretera federal Iguala-Cuernavaca, en la regi\u00f3n Norte de Guerrero.<br \/>\nV\u00eda comunicado, el vocero del Grupo de Coordinaci\u00f3n Guerrero (GCG), Roberto Alvarez Heredia inform\u00f3 que elementos de la PF interceptaron a dos ocupantes de un cami\u00f3n de carga cuando circulaban sobre el kil\u00f3metro 152 de la citada v\u00eda, por lo que procedieron a realizar una revisi\u00f3n.<br \/>\nDurante la revisi\u00f3n, los elementos detectaron en el \u00e1rea de carga estaba ocultas decenas de cajas de madera con paquetes hechos con material sint\u00e9tico y cinta canela.<br \/>\nEn&nbsp;los paquetes hab\u00eda por lo menos 400 kilogramos de hierba verde y seca, con las caracter\u00edsticas de la marihuana.<br \/>\nLos federales detuvieron a los tripulantes del cami\u00f3n y aseguraron el cargamento de droga, para luego ponerlos a disposici\u00f3n del Ministerio P\u00fablico Federal (MPF).<br \/>\n<strong>Detienen a hombre con droga en Arcelia<\/strong><br \/>\nEn otro reporte, la Secretar\u00eda de Seguridad P\u00fablica (SSP) inform\u00f3 que elementos de la Polic\u00eda del Estado, integrantes de la Coordinaci\u00f3n Operativa en la Tierra Caliente aseguraron en la cabecera municipal de Arcelia a un hombre que fue sorprendido en posesi\u00f3n de droga, adem\u00e1s de una motocicleta identificada con reporte de robo.&nbsp;&nbsp;<br \/>\nEl parte informativo de la SSP detalla que&nbsp;personal de la Polic\u00eda Estatal instal\u00f3 un puesto de seguridad en la avenida L\u00e1zaro C\u00e1rdenas de la colonia H\u00e9roes Surianos la tarde del s\u00e1bado, ah\u00ed marcaron el alto al tripulante de un una motocicleta marca Honda, tipo CBR250RD, color rojo, con n\u00famero de serie ME4MC4223E8002983, la cual result\u00f3 con reporte de robo en el Registro P\u00fablico Vehicular (REPUVE).<br \/>\nEl robo de la unida se cometi\u00f3 el 18 de marzo de 2014 en la Ciudad de M\u00e9xico.<br \/>\nEl conductor de la unidad fue identificado como Armando \u201cN\u201d, de 26 a\u00f1os de edad, originario del Estado de M\u00e9xico y de ocupaci\u00f3n comerciante, a quien le fueron localizadas cuatro bolsas con marihuana.<br \/>\nArmando \u201cN\u201d, la droga y la motocicleta fueron asegurados y puestos a disposici\u00f3n de las autoridades competentes en Coyuca de Catal\u00e1n, para que se inicie el procedimiento judicial en su contra.<\/p>\n","protected":false},"excerpt":{"rendered":"<p>La Polic\u00eda del Estado detiene a individuo con droga y moto robada en Arcelia La Polic\u00eda Federal (PF) asegur\u00f3 un cargamento de droga que era trasladado en la carga de&hellip; <\/p>\n","protected":false},"author":1,"featured_media":0,"comment_status":"closed","ping_status":"closed","sticky":false,"template":"","format":"standard","meta":{"fifu_image_url":"","fifu_image_alt":"","footnotes":""},"categories":[8,27],"tags":[],"class_list":["post-8799","post","type-post","status-publish","format-standard","hentry","category-featured","category-seguridad-publica"],"_links":{"self":[{"href":"https:\/\/www.interaccionnoticias.com.mx\/index.php?rest_route=\/wp\/v2\/posts\/8799","targetHints":{"allow":["GET"]}}],"collection":[{"href":"https:\/\/www.interaccionnoticias.com.mx\/index.php?rest_route=\/wp\/v2\/posts"}],"about":[{"href":"https:\/\/www.interaccionnoticias.com.mx\/index.php?rest_route=\/wp\/v2\/types\/post"}],"author":[{"embeddable":true,"href":"https:\/\/www.interaccionnoticias.com.mx\/index.php?rest_route=\/wp\/v2\/users\/1"}],"replies":[{"embeddable":true,"href":"https:\/\/www.interaccionnoticias.com.mx\/index.php?rest_route=%2Fwp%2Fv2%2Fcomments&post=8799"}],"version-history":[{"count":0,"href":"https:\/\/www.interaccionnoticias.com.mx\/index.php?rest_route=\/wp\/v2\/posts\/8799\/revisions"}],"wp:attachment":[{"href":"https:\/\/www.interaccionnoticias.com.mx\/index.php?rest_route=%2Fwp%2Fv2%2Fmedia&parent=8799"}],"wp:term":[{"taxonomy":"category","embeddable":true,"href":"https:\/\/www.interaccionnoticias.com.mx\/index.php?rest_route=%2Fwp%2Fv2%2Fcategories&post=8799"},{"taxonomy":"post_tag","embeddable":true,"href":"https:\/\/www.interaccionnoticias.com.mx\/index.php?rest_route=%2Fwp%2Fv2%2Ftags&post=8799"}],"curies":[{"name":"wp","href":"https:\/\/api.w.org\/{rel}","templated":true}]}}