{"id":8786,"date":"2017-10-02T17:00:09","date_gmt":"2017-10-02T22:00:09","guid":{"rendered":"http:\/\/www.inter-accion.com.mx\/?p=8786"},"modified":"2017-10-02T17:00:09","modified_gmt":"2017-10-02T22:00:09","slug":"el-gobierno-estatal-anuncio-que-reforzara-la-seguridad-en-acapulco-y-la-ruta-chilpancingo-chilapa","status":"publish","type":"post","link":"https:\/\/www.interaccionnoticias.com.mx\/?p=8786","title":{"rendered":"El gobierno estatal anunci\u00f3 que reforzar\u00e1 la seguridad en Acapulco y la ruta Chilpancingo-Chilapa"},"content":{"rendered":"<p>El gobernador H\u00e9ctor Astudillo Flores anticip\u00f3 que se reforzar\u00e1 la seguridad en el puerto de Acapulco y la ruta carretera que va de Chilapa hacia Chilpancingo, para bajar los \u00edndices de criminalidad.<br \/>\nTras el asesinato del director de la preparatoria n\u00famero 2, Jo\u00e9 Villanueva Arce, en el puerto de Acapulco, el jefe del Poder Ejecutivo local reconoci\u00f3 que el puerto se encuentra inmerso en una situaci\u00f3n muy delicada en el tema de la inseguridad, por es indic\u00f3 que la problem\u00e1tica actual se tiene que atender cuanto antes.<br \/>\n\u201cHay que reforzar Acapulco nuevamente, yo creo que hay que ubicar exactamente en que puntos se est\u00e1n presentando este incrementando este incremento de violencia y hay que actuar en consecuencia\u201d, anot\u00f3.<br \/>\nLa declaraci\u00f3n se gener\u00f3 al t\u00e9rmino del izamiento de bandera que se desarroll\u00f3 en la explanada de Palacio de Gobierno, antes de que el rector de la Universidad Aut\u00f3noma de Guerrero (UAGro), Javier Salda\u00f1a Almaz\u00e1n hiciera un pronunciamiento a favor de que se esclareciera el crimen del profesor.<br \/>\nEn cuanto al tramo carretero que va de Chilapa hacia Chilpancingo, dijo que se ha tratado de reforzar el tema del resguardo para los automovilistas, ya que se est\u00e1 pendiente del mismo y se puso en marcha un dispositivo de vigilancia el viernes pasado, aunque no se ha logrado restablecer la circulaci\u00f3n de las urvans del transporte p\u00fablico.<br \/>\nEl reclamo porque se restablezca el servicio en el corredor que comunica a la Monta\u00f1a con la regi\u00f3n Centro se intensific\u00f3 la semana pasada, cuando profesores de la zona bloquearon calles y carreteras para exigir que se restituya el servicio.<br \/>\nDestac\u00f3 que en las pr\u00f3ximas horas habr\u00e1 reuniones m\u00e1s espec\u00edficas con las instancias correspondientes para tratar el asunto, pues si bien se atienden las emergencias derivadas de las lluvias y los sismos, su administraci\u00f3n no deja de lado las situaciones que tienen que ver con la inseguridad p\u00fablica.<\/p>\n","protected":false},"excerpt":{"rendered":"<p>El gobernador H\u00e9ctor Astudillo Flores anticip\u00f3 que se reforzar\u00e1 la seguridad en el puerto de Acapulco y la ruta carretera que va de Chilapa hacia Chilpancingo, para bajar los \u00edndices&hellip; <\/p>\n","protected":false},"author":1,"featured_media":0,"comment_status":"closed","ping_status":"closed","sticky":false,"template":"","format":"standard","meta":{"fifu_image_url":"","fifu_image_alt":"","footnotes":""},"categories":[8,11],"tags":[],"class_list":["post-8786","post","type-post","status-publish","format-standard","hentry","category-featured","category-guerrero"],"_links":{"self":[{"href":"https:\/\/www.interaccionnoticias.com.mx\/index.php?rest_route=\/wp\/v2\/posts\/8786","targetHints":{"allow":["GET"]}}],"collection":[{"href":"https:\/\/www.interaccionnoticias.com.mx\/index.php?rest_route=\/wp\/v2\/posts"}],"about":[{"href":"https:\/\/www.interaccionnoticias.com.mx\/index.php?rest_route=\/wp\/v2\/types\/post"}],"author":[{"embeddable":true,"href":"https:\/\/www.interaccionnoticias.com.mx\/index.php?rest_route=\/wp\/v2\/users\/1"}],"replies":[{"embeddable":true,"href":"https:\/\/www.interaccionnoticias.com.mx\/index.php?rest_route=%2Fwp%2Fv2%2Fcomments&post=8786"}],"version-history":[{"count":0,"href":"https:\/\/www.interaccionnoticias.com.mx\/index.php?rest_route=\/wp\/v2\/posts\/8786\/revisions"}],"wp:attachment":[{"href":"https:\/\/www.interaccionnoticias.com.mx\/index.php?rest_route=%2Fwp%2Fv2%2Fmedia&parent=8786"}],"wp:term":[{"taxonomy":"category","embeddable":true,"href":"https:\/\/www.interaccionnoticias.com.mx\/index.php?rest_route=%2Fwp%2Fv2%2Fcategories&post=8786"},{"taxonomy":"post_tag","embeddable":true,"href":"https:\/\/www.interaccionnoticias.com.mx\/index.php?rest_route=%2Fwp%2Fv2%2Ftags&post=8786"}],"curies":[{"name":"wp","href":"https:\/\/api.w.org\/{rel}","templated":true}]}}