{"id":87826,"date":"2025-02-19T16:23:08","date_gmt":"2025-02-19T22:23:08","guid":{"rendered":"https:\/\/www.interaccionnoticias.com.mx\/?p=87826"},"modified":"2025-02-19T16:23:09","modified_gmt":"2025-02-19T22:23:09","slug":"reconoce-gobernadora-de-guerrero-a-personal-de-la-sedena-por-su-trabajo-en-la-construccion-de-la-paz-y-el-apoyo-en-momentos-de-emergencia","status":"publish","type":"post","link":"https:\/\/www.interaccionnoticias.com.mx\/?p=87826","title":{"rendered":"Reconoce gobernadora de Guerrero a personal de la SEDENA, por su trabajo en la construcci\u00f3n de la paz y el apoyo en momentos de emergencia"},"content":{"rendered":"\n<p><em><strong>&#8212; Tambi\u00e9n en el marco de la protecci\u00f3n al territorio y la soberan\u00eda nacional<\/strong><\/em><\/p>\n\n\n\n<p><strong>Rogelio Agust\u00edn<\/strong><\/p>\n\n\n\n<p>La gobernadora Evelyn Salgado Pineda reconoci\u00f3 el trabajo que realiza el personal de la Secretar\u00eda de la Defensa Nacional (Sedena), en la defensa de la soberan\u00eda, la construcci\u00f3n de la paz y el auxilio a la poblaci\u00f3n en momentos de emergencia.<\/p>\n\n\n\n<p>La ma\u00f1ana del miercoles 19 de febrero, la jefa del Ejecutivo local estuvo al frente de los trabajos de la Mesa de Coordinaci\u00f3n para la Construcci\u00f3n de la Paz, en la que se revisaron las acciones que se implementan en materia de seguridad en las ocho regiones de la entidad.<\/p>\n\n\n\n<p>\u201cEn esa reuni\u00f3n reconoc\u00ed el gran trabajo de las y los integrantes de este organismo interinstitucional, en especial de la Secretar\u00eda de la Defensa Nacional, en el marco de la conmemoraci\u00f3n de su d\u00eda, resaltando su compromiso inquebrantable con la protecci\u00f3n del territorio nacional y de la soberan\u00eda, as\u00ed como la invauable labor en la pacifiaci\u00f3n del estado y su apoyo inmediato en los momentos de emergencia\u201d, se\u00f1al\u00f3 la gobernadora en sus plataformas oficiales.<\/p>\n\n\n\n<p>Llam\u00f3 a cerrar filas de manera unitaria en torno a la paz y la seguridad, reclamos permanente de la sociedad en los 85 municipios que integran Guerrero.<\/p>\n\n\n\n<p>La goberadora Salgado Pineda tom\u00f3 parte de la ceremonia oficial que se desarroll\u00f3 en las instalaciones de la 35 Zona Militar.<\/p>\n\n\n\n<p>Record\u00f3 el papel que la fuerza militar jug\u00f3 durante la devastaci\u00f3n provocada en Guerrero por los huracanes Otis y John en octubre de 2023 y septiembre de 2024, dando acompa\u00f1amiento a la sociedad y las autoridades en el proceso de recuperaci\u00f3n.<\/p>\n","protected":false},"excerpt":{"rendered":"<p>&#8212; Tambi\u00e9n en el marco de la protecci\u00f3n al territorio y la soberan\u00eda nacional Rogelio Agust\u00edn La gobernadora Evelyn Salgado Pineda reconoci\u00f3 el trabajo que realiza el personal de la&hellip; <\/p>\n","protected":false},"author":21,"featured_media":87827,"comment_status":"open","ping_status":"open","sticky":false,"template":"","format":"standard","meta":{"fifu_image_url":"","fifu_image_alt":"","footnotes":""},"categories":[11],"tags":[],"class_list":["post-87826","post","type-post","status-publish","format-standard","has-post-thumbnail","hentry","category-guerrero"],"_links":{"self":[{"href":"https:\/\/www.interaccionnoticias.com.mx\/index.php?rest_route=\/wp\/v2\/posts\/87826","targetHints":{"allow":["GET"]}}],"collection":[{"href":"https:\/\/www.interaccionnoticias.com.mx\/index.php?rest_route=\/wp\/v2\/posts"}],"about":[{"href":"https:\/\/www.interaccionnoticias.com.mx\/index.php?rest_route=\/wp\/v2\/types\/post"}],"author":[{"embeddable":true,"href":"https:\/\/www.interaccionnoticias.com.mx\/index.php?rest_route=\/wp\/v2\/users\/21"}],"replies":[{"embeddable":true,"href":"https:\/\/www.interaccionnoticias.com.mx\/index.php?rest_route=%2Fwp%2Fv2%2Fcomments&post=87826"}],"version-history":[{"count":1,"href":"https:\/\/www.interaccionnoticias.com.mx\/index.php?rest_route=\/wp\/v2\/posts\/87826\/revisions"}],"predecessor-version":[{"id":87828,"href":"https:\/\/www.interaccionnoticias.com.mx\/index.php?rest_route=\/wp\/v2\/posts\/87826\/revisions\/87828"}],"wp:featuredmedia":[{"embeddable":true,"href":"https:\/\/www.interaccionnoticias.com.mx\/index.php?rest_route=\/wp\/v2\/media\/87827"}],"wp:attachment":[{"href":"https:\/\/www.interaccionnoticias.com.mx\/index.php?rest_route=%2Fwp%2Fv2%2Fmedia&parent=87826"}],"wp:term":[{"taxonomy":"category","embeddable":true,"href":"https:\/\/www.interaccionnoticias.com.mx\/index.php?rest_route=%2Fwp%2Fv2%2Fcategories&post=87826"},{"taxonomy":"post_tag","embeddable":true,"href":"https:\/\/www.interaccionnoticias.com.mx\/index.php?rest_route=%2Fwp%2Fv2%2Ftags&post=87826"}],"curies":[{"name":"wp","href":"https:\/\/api.w.org\/{rel}","templated":true}]}}