{"id":87786,"date":"2025-02-18T19:06:00","date_gmt":"2025-02-19T01:06:00","guid":{"rendered":"https:\/\/www.interaccionnoticias.com.mx\/?p=87786"},"modified":"2025-02-19T00:12:03","modified_gmt":"2025-02-19T06:12:03","slug":"gobernadora-de-guerrero-ratifica-su-militancia-en-morena","status":"publish","type":"post","link":"https:\/\/www.interaccionnoticias.com.mx\/?p=87786","title":{"rendered":"Gobernadora de Guerrero ratifica su militancia en MORENA"},"content":{"rendered":"\n<p><em><strong>&#8212; Evelyn Salgado Pineda difunde fotograf\u00eda junto al secretario de organizaci\u00f3n del CEN, Andr\u00e9s Manuel L\u00f3pez Beltr\u00e1n<br>&#8212; Tambi\u00e9n se reafiliaron F\u00e9lix Salgado y Beatriz Mojica Morga, entre otros<\/strong><\/em><\/p>\n\n\n\n<p><strong>Rogelio Agust\u00edn<\/strong><\/p>\n\n\n\n<p>La gobernadora de Guerrero, Evelyn Salgado Pineda ratific\u00f3 su militancia en las filas de MORENA, lo que inform\u00f3 a trav\u00e9s de su p\u00e1gina personal de Facebook con una fotograf\u00eda en la que aparece junto al secretario de organizaci\u00f3n de dicho instituto pol\u00edtico, Andr\u00e9s Manuel L\u00f3pez Beltr\u00e1n.<\/p>\n\n\n\n<p>La tarde de este martes 18 de febrero, la titular del Poder Ejecutivo local public\u00f3 una fotograf\u00eda en la que aparece al lado del hijo del ex presidente Andr\u00e9s Manuel L\u00f3pez Obrador, principal l\u00edder de MORENA.<\/p>\n\n\n\n<p>\u201cAmigas y amigos, quiero compartirles que me reun\u00ed con Andr\u00e9s Manuel L\u00f3pez Beltr\u00e1n, secretario de la Organizaci\u00f3n de Morena S\u00ed, a quien me dio much\u00edsimo gusto saludar, para ratificar mi afiliaci\u00f3n a la #4T y reafirmar mi compromiso con la construcci\u00f3n del segundo piso de la Cuarta Transformaci\u00f3n\u201d, se\u00f1ala el texto que acompa\u00f1a la gr\u00e1fica.<\/p>\n\n\n\n<p>Agrega: \u201cEsta nueva etapa representa la oportunidad de fortalecer y ampliar las acciones que han cambiado la vida de millones de personas, siempre con la convicci\u00f3n de poner al pueblo en el centro de las decisiones\u201d.<\/p>\n\n\n\n<p>Y cierra: \u201cMi reafiliaci\u00f3n es un compromiso renovado para seguir trabajando incansablemente por las y los guerrerenses, con honestidad y responsabilidad, asegurando que los logros alcanzados se mantengan, se extiendan y sigan beneficiando a quienes m\u00e1s lo necesitan\u201d.<\/p>\n\n\n\n<p>Durante la ma\u00f1ana confirmaron su reafiliaci\u00f3n diferentes personalidades del morenismo de Guerrero, entre ellos los senadores F\u00e9lix Salgado Macedonio y Beatriz Mojica Morga, a quienes se considera como aspirantes a participar en la contienda por la sucesi\u00f3n en 2027.<\/p>\n\n\n\n<div class=\"wp-block-jetpack-slideshow aligncenter\" data-effect=\"slide\"><div class=\"wp-block-jetpack-slideshow_container swiper-container\"><ul class=\"wp-block-jetpack-slideshow_swiper-wrapper swiper-wrapper\"><li class=\"wp-block-jetpack-slideshow_slide swiper-slide\"><figure><img decoding=\"async\" src=\"data:image\/gif;base64,R0lGODlhAQABAIAAAAAAAP\/\/\/ywAAAAAAQABAAACAUwAOw==\" fifu-lazy=\"1\" fifu-data-sizes=\"auto\" fifu-data-srcset=\"https:\/\/i1.wp.com\/www.interaccionnoticias.com.mx\/wp-content\/uploads\/2025\/02\/250218-Evelyn-Salgado-Pineda-683x1024.jpg?ssl=1&w=75&resize=75&ssl=1 75w, https:\/\/i1.wp.com\/www.interaccionnoticias.com.mx\/wp-content\/uploads\/2025\/02\/250218-Evelyn-Salgado-Pineda-683x1024.jpg?ssl=1&w=100&resize=100&ssl=1 100w, https:\/\/i1.wp.com\/www.interaccionnoticias.com.mx\/wp-content\/uploads\/2025\/02\/250218-Evelyn-Salgado-Pineda-683x1024.jpg?ssl=1&w=150&resize=150&ssl=1 150w, https:\/\/i1.wp.com\/www.interaccionnoticias.com.mx\/wp-content\/uploads\/2025\/02\/250218-Evelyn-Salgado-Pineda-683x1024.jpg?ssl=1&w=240&resize=240&ssl=1 240w, https:\/\/i1.wp.com\/www.interaccionnoticias.com.mx\/wp-content\/uploads\/2025\/02\/250218-Evelyn-Salgado-Pineda-683x1024.jpg?ssl=1&w=320&resize=320&ssl=1 320w, https:\/\/i1.wp.com\/www.interaccionnoticias.com.mx\/wp-content\/uploads\/2025\/02\/250218-Evelyn-Salgado-Pineda-683x1024.jpg?ssl=1&w=500&resize=500&ssl=1 500w, https:\/\/i1.wp.com\/www.interaccionnoticias.com.mx\/wp-content\/uploads\/2025\/02\/250218-Evelyn-Salgado-Pineda-683x1024.jpg?ssl=1&w=640&resize=640&ssl=1 640w, https:\/\/i1.wp.com\/www.interaccionnoticias.com.mx\/wp-content\/uploads\/2025\/02\/250218-Evelyn-Salgado-Pineda-683x1024.jpg?ssl=1&w=800&resize=800&ssl=1 800w, https:\/\/i1.wp.com\/www.interaccionnoticias.com.mx\/wp-content\/uploads\/2025\/02\/250218-Evelyn-Salgado-Pineda-683x1024.jpg?ssl=1&w=1024&resize=1024&ssl=1 1024w, https:\/\/i1.wp.com\/www.interaccionnoticias.com.mx\/wp-content\/uploads\/2025\/02\/250218-Evelyn-Salgado-Pineda-683x1024.jpg?ssl=1&w=1280&resize=1280&ssl=1 1280w, https:\/\/i1.wp.com\/www.interaccionnoticias.com.mx\/wp-content\/uploads\/2025\/02\/250218-Evelyn-Salgado-Pineda-683x1024.jpg?ssl=1&w=1600&resize=1600&ssl=1 1600w\" alt=\"\" class=\"wp-block-jetpack-slideshow_image wp-image-87787\" data-id=\"87787\" fifu-data-src=\"https:\/\/i1.wp.com\/www.interaccionnoticias.com.mx\/wp-content\/uploads\/2025\/02\/250218-Evelyn-Salgado-Pineda-683x1024.jpg?ssl=1\"\/><\/figure><\/li><li class=\"wp-block-jetpack-slideshow_slide swiper-slide\"><figure><img decoding=\"async\" src=\"data:image\/gif;base64,R0lGODlhAQABAIAAAAAAAP\/\/\/ywAAAAAAQABAAACAUwAOw==\" fifu-lazy=\"1\" fifu-data-sizes=\"auto\" fifu-data-srcset=\"https:\/\/i1.wp.com\/www.interaccionnoticias.com.mx\/wp-content\/uploads\/2025\/02\/250218-Beatriz-Mojica-Morga-1024x683.jpg?ssl=1&w=75&resize=75&ssl=1 75w, https:\/\/i1.wp.com\/www.interaccionnoticias.com.mx\/wp-content\/uploads\/2025\/02\/250218-Beatriz-Mojica-Morga-1024x683.jpg?ssl=1&w=100&resize=100&ssl=1 100w, https:\/\/i1.wp.com\/www.interaccionnoticias.com.mx\/wp-content\/uploads\/2025\/02\/250218-Beatriz-Mojica-Morga-1024x683.jpg?ssl=1&w=150&resize=150&ssl=1 150w, https:\/\/i1.wp.com\/www.interaccionnoticias.com.mx\/wp-content\/uploads\/2025\/02\/250218-Beatriz-Mojica-Morga-1024x683.jpg?ssl=1&w=240&resize=240&ssl=1 240w, https:\/\/i1.wp.com\/www.interaccionnoticias.com.mx\/wp-content\/uploads\/2025\/02\/250218-Beatriz-Mojica-Morga-1024x683.jpg?ssl=1&w=320&resize=320&ssl=1 320w, https:\/\/i1.wp.com\/www.interaccionnoticias.com.mx\/wp-content\/uploads\/2025\/02\/250218-Beatriz-Mojica-Morga-1024x683.jpg?ssl=1&w=500&resize=500&ssl=1 500w, https:\/\/i1.wp.com\/www.interaccionnoticias.com.mx\/wp-content\/uploads\/2025\/02\/250218-Beatriz-Mojica-Morga-1024x683.jpg?ssl=1&w=640&resize=640&ssl=1 640w, https:\/\/i1.wp.com\/www.interaccionnoticias.com.mx\/wp-content\/uploads\/2025\/02\/250218-Beatriz-Mojica-Morga-1024x683.jpg?ssl=1&w=800&resize=800&ssl=1 800w, https:\/\/i1.wp.com\/www.interaccionnoticias.com.mx\/wp-content\/uploads\/2025\/02\/250218-Beatriz-Mojica-Morga-1024x683.jpg?ssl=1&w=1024&resize=1024&ssl=1 1024w, https:\/\/i1.wp.com\/www.interaccionnoticias.com.mx\/wp-content\/uploads\/2025\/02\/250218-Beatriz-Mojica-Morga-1024x683.jpg?ssl=1&w=1280&resize=1280&ssl=1 1280w, https:\/\/i1.wp.com\/www.interaccionnoticias.com.mx\/wp-content\/uploads\/2025\/02\/250218-Beatriz-Mojica-Morga-1024x683.jpg?ssl=1&w=1600&resize=1600&ssl=1 1600w\" alt=\"\" class=\"wp-block-jetpack-slideshow_image wp-image-87788\" data-id=\"87788\" fifu-data-src=\"https:\/\/i1.wp.com\/www.interaccionnoticias.com.mx\/wp-content\/uploads\/2025\/02\/250218-Beatriz-Mojica-Morga-1024x683.jpg?ssl=1\"\/><\/figure><\/li><li class=\"wp-block-jetpack-slideshow_slide swiper-slide\"><figure><img decoding=\"async\" src=\"data:image\/gif;base64,R0lGODlhAQABAIAAAAAAAP\/\/\/ywAAAAAAQABAAACAUwAOw==\" fifu-lazy=\"1\" fifu-data-sizes=\"auto\" fifu-data-srcset=\"https:\/\/i2.wp.com\/www.interaccionnoticias.com.mx\/wp-content\/uploads\/2025\/02\/250218-Felix-Salgado-Macedonio-683x1024.jpg?ssl=1&w=75&resize=75&ssl=1 75w, https:\/\/i2.wp.com\/www.interaccionnoticias.com.mx\/wp-content\/uploads\/2025\/02\/250218-Felix-Salgado-Macedonio-683x1024.jpg?ssl=1&w=100&resize=100&ssl=1 100w, https:\/\/i2.wp.com\/www.interaccionnoticias.com.mx\/wp-content\/uploads\/2025\/02\/250218-Felix-Salgado-Macedonio-683x1024.jpg?ssl=1&w=150&resize=150&ssl=1 150w, https:\/\/i2.wp.com\/www.interaccionnoticias.com.mx\/wp-content\/uploads\/2025\/02\/250218-Felix-Salgado-Macedonio-683x1024.jpg?ssl=1&w=240&resize=240&ssl=1 240w, https:\/\/i2.wp.com\/www.interaccionnoticias.com.mx\/wp-content\/uploads\/2025\/02\/250218-Felix-Salgado-Macedonio-683x1024.jpg?ssl=1&w=320&resize=320&ssl=1 320w, https:\/\/i2.wp.com\/www.interaccionnoticias.com.mx\/wp-content\/uploads\/2025\/02\/250218-Felix-Salgado-Macedonio-683x1024.jpg?ssl=1&w=500&resize=500&ssl=1 500w, https:\/\/i2.wp.com\/www.interaccionnoticias.com.mx\/wp-content\/uploads\/2025\/02\/250218-Felix-Salgado-Macedonio-683x1024.jpg?ssl=1&w=640&resize=640&ssl=1 640w, https:\/\/i2.wp.com\/www.interaccionnoticias.com.mx\/wp-content\/uploads\/2025\/02\/250218-Felix-Salgado-Macedonio-683x1024.jpg?ssl=1&w=800&resize=800&ssl=1 800w, https:\/\/i2.wp.com\/www.interaccionnoticias.com.mx\/wp-content\/uploads\/2025\/02\/250218-Felix-Salgado-Macedonio-683x1024.jpg?ssl=1&w=1024&resize=1024&ssl=1 1024w, https:\/\/i2.wp.com\/www.interaccionnoticias.com.mx\/wp-content\/uploads\/2025\/02\/250218-Felix-Salgado-Macedonio-683x1024.jpg?ssl=1&w=1280&resize=1280&ssl=1 1280w, https:\/\/i2.wp.com\/www.interaccionnoticias.com.mx\/wp-content\/uploads\/2025\/02\/250218-Felix-Salgado-Macedonio-683x1024.jpg?ssl=1&w=1600&resize=1600&ssl=1 1600w\" alt=\"\" class=\"wp-block-jetpack-slideshow_image wp-image-87789\" data-id=\"87789\" fifu-data-src=\"https:\/\/i2.wp.com\/www.interaccionnoticias.com.mx\/wp-content\/uploads\/2025\/02\/250218-Felix-Salgado-Macedonio-683x1024.jpg?ssl=1\"\/><\/figure><\/li><\/ul><a class=\"wp-block-jetpack-slideshow_button-prev swiper-button-prev swiper-button-white\" role=\"button\"><\/a><a class=\"wp-block-jetpack-slideshow_button-next swiper-button-next swiper-button-white\" role=\"button\"><\/a><a aria-label=\"Pause Slideshow\" class=\"wp-block-jetpack-slideshow_button-pause\" role=\"button\"><\/a><div class=\"wp-block-jetpack-slideshow_pagination swiper-pagination swiper-pagination-white\"><\/div><\/div><\/div>\n","protected":false},"excerpt":{"rendered":"<p>&#8212; Evelyn Salgado Pineda difunde fotograf\u00eda junto al secretario de organizaci\u00f3n del CEN, Andr\u00e9s Manuel L\u00f3pez Beltr\u00e1n&#8212; Tambi\u00e9n se reafiliaron F\u00e9lix Salgado y Beatriz Mojica Morga, entre otros Rogelio Agust\u00edn&hellip; <\/p>\n","protected":false},"author":21,"featured_media":87790,"comment_status":"open","ping_status":"open","sticky":false,"template":"","format":"standard","meta":{"fifu_image_url":"","fifu_image_alt":"","footnotes":""},"categories":[18],"tags":[],"class_list":["post-87786","post","type-post","status-publish","format-standard","has-post-thumbnail","hentry","category-partidos-politicos"],"_links":{"self":[{"href":"https:\/\/www.interaccionnoticias.com.mx\/index.php?rest_route=\/wp\/v2\/posts\/87786","targetHints":{"allow":["GET"]}}],"collection":[{"href":"https:\/\/www.interaccionnoticias.com.mx\/index.php?rest_route=\/wp\/v2\/posts"}],"about":[{"href":"https:\/\/www.interaccionnoticias.com.mx\/index.php?rest_route=\/wp\/v2\/types\/post"}],"author":[{"embeddable":true,"href":"https:\/\/www.interaccionnoticias.com.mx\/index.php?rest_route=\/wp\/v2\/users\/21"}],"replies":[{"embeddable":true,"href":"https:\/\/www.interaccionnoticias.com.mx\/index.php?rest_route=%2Fwp%2Fv2%2Fcomments&post=87786"}],"version-history":[{"count":1,"href":"https:\/\/www.interaccionnoticias.com.mx\/index.php?rest_route=\/wp\/v2\/posts\/87786\/revisions"}],"predecessor-version":[{"id":87791,"href":"https:\/\/www.interaccionnoticias.com.mx\/index.php?rest_route=\/wp\/v2\/posts\/87786\/revisions\/87791"}],"wp:featuredmedia":[{"embeddable":true,"href":"https:\/\/www.interaccionnoticias.com.mx\/index.php?rest_route=\/wp\/v2\/media\/87790"}],"wp:attachment":[{"href":"https:\/\/www.interaccionnoticias.com.mx\/index.php?rest_route=%2Fwp%2Fv2%2Fmedia&parent=87786"}],"wp:term":[{"taxonomy":"category","embeddable":true,"href":"https:\/\/www.interaccionnoticias.com.mx\/index.php?rest_route=%2Fwp%2Fv2%2Fcategories&post=87786"},{"taxonomy":"post_tag","embeddable":true,"href":"https:\/\/www.interaccionnoticias.com.mx\/index.php?rest_route=%2Fwp%2Fv2%2Ftags&post=87786"}],"curies":[{"name":"wp","href":"https:\/\/api.w.org\/{rel}","templated":true}]}}