{"id":87780,"date":"2025-02-18T17:28:00","date_gmt":"2025-02-18T23:28:00","guid":{"rendered":"https:\/\/www.interaccionnoticias.com.mx\/?p=87780"},"modified":"2025-02-18T22:23:46","modified_gmt":"2025-02-19T04:23:46","slug":"asesinan-a-trabajador-de-una-ferreteria-en-iguala","status":"publish","type":"post","link":"https:\/\/www.interaccionnoticias.com.mx\/?p=87780","title":{"rendered":"Asesinan a trabajador de una ferreter\u00eda en Iguala"},"content":{"rendered":"\n<p><strong><em>&#8212; No hay detenidos, pese al despliegue polic\u00edaco<\/em><\/strong><\/p>\n\n\n\n<p>Rogelio Agust\u00edn<\/p>\n\n\n\n<p>Un empleado de la ferreter\u00eda con raz\u00f3n social \u201cLa Estrella\u201d fue asesinado dentro de dicho estableciemiento, en la cabecera municipal de Iguala.<\/p>\n\n\n\n<p>El crimen fue cometido en el negocio ubicado en la calle Juan N. \u00c1lvarez, esquina con 5 de Febrero de la colonia Perpetuo Socorro, en la parte norte de la cuna de la bandera nacional.<\/p>\n\n\n\n<p>La polic\u00eda recibi\u00f3 el reporte de detonaciones de arma de fuego alrededor de las 11:40 horas de este martes.<\/p>\n\n\n\n<p>La v\u00edctima mortal fue identificada como Jos\u00e9 \u00c1ngel Mart\u00ednez, de 21 a\u00f1os de edad, cuyo cuerpo recibi\u00f3 cuatro impactps de bala en la espalda.<\/p>\n\n\n\n<p>Al asentamiento humano se trasladaron elementos de la Guardia Nacional (GN), de la Polic\u00eda del Estado y agentes de la Fiscal\u00eda General del Estado (FGE).<\/p>\n\n\n\n<p>No hay detenidos por ese hecho<\/p>\n","protected":false},"excerpt":{"rendered":"<p>&#8212; No hay detenidos, pese al despliegue polic\u00edaco Rogelio Agust\u00edn Un empleado de la ferreter\u00eda con raz\u00f3n social \u201cLa Estrella\u201d fue asesinado dentro de dicho estableciemiento, en la cabecera municipal&hellip; <\/p>\n","protected":false},"author":19,"featured_media":87781,"comment_status":"open","ping_status":"open","sticky":false,"template":"","format":"standard","meta":{"fifu_image_url":"","fifu_image_alt":"","footnotes":""},"categories":[27],"tags":[],"class_list":["post-87780","post","type-post","status-publish","format-standard","has-post-thumbnail","hentry","category-seguridad-publica"],"_links":{"self":[{"href":"https:\/\/www.interaccionnoticias.com.mx\/index.php?rest_route=\/wp\/v2\/posts\/87780","targetHints":{"allow":["GET"]}}],"collection":[{"href":"https:\/\/www.interaccionnoticias.com.mx\/index.php?rest_route=\/wp\/v2\/posts"}],"about":[{"href":"https:\/\/www.interaccionnoticias.com.mx\/index.php?rest_route=\/wp\/v2\/types\/post"}],"author":[{"embeddable":true,"href":"https:\/\/www.interaccionnoticias.com.mx\/index.php?rest_route=\/wp\/v2\/users\/19"}],"replies":[{"embeddable":true,"href":"https:\/\/www.interaccionnoticias.com.mx\/index.php?rest_route=%2Fwp%2Fv2%2Fcomments&post=87780"}],"version-history":[{"count":1,"href":"https:\/\/www.interaccionnoticias.com.mx\/index.php?rest_route=\/wp\/v2\/posts\/87780\/revisions"}],"predecessor-version":[{"id":87782,"href":"https:\/\/www.interaccionnoticias.com.mx\/index.php?rest_route=\/wp\/v2\/posts\/87780\/revisions\/87782"}],"wp:featuredmedia":[{"embeddable":true,"href":"https:\/\/www.interaccionnoticias.com.mx\/index.php?rest_route=\/wp\/v2\/media\/87781"}],"wp:attachment":[{"href":"https:\/\/www.interaccionnoticias.com.mx\/index.php?rest_route=%2Fwp%2Fv2%2Fmedia&parent=87780"}],"wp:term":[{"taxonomy":"category","embeddable":true,"href":"https:\/\/www.interaccionnoticias.com.mx\/index.php?rest_route=%2Fwp%2Fv2%2Fcategories&post=87780"},{"taxonomy":"post_tag","embeddable":true,"href":"https:\/\/www.interaccionnoticias.com.mx\/index.php?rest_route=%2Fwp%2Fv2%2Ftags&post=87780"}],"curies":[{"name":"wp","href":"https:\/\/api.w.org\/{rel}","templated":true}]}}