{"id":87777,"date":"2025-02-18T17:20:00","date_gmt":"2025-02-18T23:20:00","guid":{"rendered":"https:\/\/www.interaccionnoticias.com.mx\/?p=87777"},"modified":"2025-02-18T22:21:35","modified_gmt":"2025-02-19T04:21:35","slug":"denuncia-la-ceteg-mal-manejo-de-recurso-dstinado-al-programa-la-escuela-es-primero","status":"publish","type":"post","link":"https:\/\/www.interaccionnoticias.com.mx\/?p=87777","title":{"rendered":"Denuncia la CETEG mal manejo de recurso dstinado al programa \u201cLa escuela es primero\u201d"},"content":{"rendered":"\n<p><strong><em>Exigen reuni\u00f3n con el titular de la SEG, Ricardo Castillo Pe\u00f1a<\/em><\/strong><\/p>\n\n\n\n<p><strong>Jes\u00fas Dorantes<\/strong><\/p>\n\n\n\n<p>Integrantes de la Coordinadora Estatal de Trabajadores de la Educaci\u00f3n en Guerrero (CETEG) denunciaron irregularidades en el manejo de recursos econ\u00f3micos en dos escuelas de la capital del Estado y una m\u00e1s en el municipio de Juan R. Escudero , as\u00ed como el adeudo de horas frente agrupo.<\/p>\n\n\n\n<p>En rueda de prensa, los profesores de tendencia disidente exigieron una reuni\u00f3n con el titular de la Secretar\u00eda de Educaci\u00f3n Guerrero (SEG), Ricardo Castillo Pe\u00f1a, para abordar dichas problem\u00e1ticas de car\u00e1cter pol\u00edtico-laboral.<\/p>\n\n\n\n<p>Miguel Ram\u00edrez Marino, miembro de la Direcci\u00f3n Colectiva de la CETEG denuncio que detectaron casos del mal manejo de recursos del programa \u00abLa Escuela es Nuestra\u00bb en el Centro de Atenci\u00f3n Infantil (CAI) N\u00b0 4; la Escuela Secundaria General Wilfrido Massieu y la Escuela Secundaria T\u00e9cnica No. 10, de Juan R. Escudero.<\/p>\n\n\n\n<p>Hasta el momento, ninguno de esos casoa ha sido sancionado.<\/p>\n\n\n\n<p>En el caso del CAI N\u00b0 4, denunciaron que trabajadores fueron retirados de sus espacios de despu\u00e9s de denunciar mal manejo de recursos de dicho programa, mientras que en la secundaria Wilfrido Massieu se detect\u00f3 una comprobaci\u00f3n doble de recursos del mismo programa por parte de la ex subdirectora.<\/p>\n\n\n\n<p>Ambos casos ocurrieron en la capital del Estado mientras que en el municipio que tiene por cabecera a Tierra Colorada, en la escuela t\u00e9cnica N\u00b010 se denunci\u00f3 un mal manejo de la cooperativa y la desaparici\u00f3n del turno vespertino, sin informar a profesores ni a los padres de familia.<\/p>\n\n\n\n<p>La CETEG tambi\u00e9n se\u00f1al\u00f3 que tienen un registro de 45 de docentes que se les adeudan las horas frente a grupo, en algunos casos se les ha pagado \u201ca cuentagotas\u201d dicho salario, por lo que se\u00f1alaron que de ser necesario, como organizaci\u00f3n magisterial podr\u00edan manifestarse en las calles, en caso de que tengan una respuesta favorable.<\/p>\n","protected":false},"excerpt":{"rendered":"<p>Exigen reuni\u00f3n con el titular de la SEG, Ricardo Castillo Pe\u00f1a Jes\u00fas Dorantes Integrantes de la Coordinadora Estatal de Trabajadores de la Educaci\u00f3n en Guerrero (CETEG) denunciaron irregularidades en el&hellip; <\/p>\n","protected":false},"author":8,"featured_media":87778,"comment_status":"open","ping_status":"open","sticky":false,"template":"","format":"standard","meta":{"fifu_image_url":"","fifu_image_alt":"","footnotes":""},"categories":[6],"tags":[],"class_list":["post-87777","post","type-post","status-publish","format-standard","has-post-thumbnail","hentry","category-educacion"],"_links":{"self":[{"href":"https:\/\/www.interaccionnoticias.com.mx\/index.php?rest_route=\/wp\/v2\/posts\/87777","targetHints":{"allow":["GET"]}}],"collection":[{"href":"https:\/\/www.interaccionnoticias.com.mx\/index.php?rest_route=\/wp\/v2\/posts"}],"about":[{"href":"https:\/\/www.interaccionnoticias.com.mx\/index.php?rest_route=\/wp\/v2\/types\/post"}],"author":[{"embeddable":true,"href":"https:\/\/www.interaccionnoticias.com.mx\/index.php?rest_route=\/wp\/v2\/users\/8"}],"replies":[{"embeddable":true,"href":"https:\/\/www.interaccionnoticias.com.mx\/index.php?rest_route=%2Fwp%2Fv2%2Fcomments&post=87777"}],"version-history":[{"count":1,"href":"https:\/\/www.interaccionnoticias.com.mx\/index.php?rest_route=\/wp\/v2\/posts\/87777\/revisions"}],"predecessor-version":[{"id":87779,"href":"https:\/\/www.interaccionnoticias.com.mx\/index.php?rest_route=\/wp\/v2\/posts\/87777\/revisions\/87779"}],"wp:featuredmedia":[{"embeddable":true,"href":"https:\/\/www.interaccionnoticias.com.mx\/index.php?rest_route=\/wp\/v2\/media\/87778"}],"wp:attachment":[{"href":"https:\/\/www.interaccionnoticias.com.mx\/index.php?rest_route=%2Fwp%2Fv2%2Fmedia&parent=87777"}],"wp:term":[{"taxonomy":"category","embeddable":true,"href":"https:\/\/www.interaccionnoticias.com.mx\/index.php?rest_route=%2Fwp%2Fv2%2Fcategories&post=87777"},{"taxonomy":"post_tag","embeddable":true,"href":"https:\/\/www.interaccionnoticias.com.mx\/index.php?rest_route=%2Fwp%2Fv2%2Ftags&post=87777"}],"curies":[{"name":"wp","href":"https:\/\/api.w.org\/{rel}","templated":true}]}}