{"id":87774,"date":"2025-02-18T17:11:00","date_gmt":"2025-02-18T23:11:00","guid":{"rendered":"https:\/\/www.interaccionnoticias.com.mx\/?p=87774"},"modified":"2025-02-18T22:19:36","modified_gmt":"2025-02-19T04:19:36","slug":"trabajadores-de-proteccion-civil-y-bomberos-exigen-el-registro-de-su-sindicato-ante-el-tribunal-de-conciliacion-y-arbitraje","status":"publish","type":"post","link":"https:\/\/www.interaccionnoticias.com.mx\/?p=87774","title":{"rendered":"Trabajadores de Protecci\u00f3n Civil y Bomberos exigen el registro de su sindicato ante el Tribunal de Conciliaci\u00f3n y Arbitraje"},"content":{"rendered":"\n<p><strong><em>&#8212; Marcharon por calles de Chilpancingo para exigir atenci\u00f3n a sus demandas<\/em><\/strong><\/p>\n\n\n\n<p><strong>Rosario Garc\u00eda Orozco<\/strong><\/p>\n\n\n\n<p>Integrantes del Sindicato de Protecci\u00f3n Civil y Bomberos del estado marcharon por calles de la capital y protestaron en las instalaciones del Tribunal Conciliaci\u00f3n y Arbitraje, en reclamo a la negativa de las autoridades para otorgar el registro legal de dicha organizaci\u00f3n gremial.<\/p>\n\n\n\n<p>Los inconformes, primero llevaron a cabo una marcha por las calles c\u00e9ntricas de la capital, para urgir al Tribunal, que por respeto a la autonom\u00eda y la libre organizaci\u00f3n puedan obtener su registro.<\/p>\n\n\n\n<p>Dijeron que la dependencia estatal ha recurrido a justificaciones que no son v\u00e1lidas para negarles el registro, entre ellas, decisiones internas, tomadas en las asambleas del Sindicato.<\/p>\n\n\n\n<p>El secretario general de la organizaci\u00f3n, V\u00edctor Villalva Flores, inform\u00f3 que el Tribunal de Conciliaci\u00f3n de Guerrero, ofreci\u00f3 que en un plazo de 20 d\u00edas les conceder\u00e1 una resupuesta al pliego petitorio y la complementaci\u00f3n de la informaci\u00f3n entregada, en la protesta de este martes.<\/p>\n\n\n\n<p>Asegur\u00f3 que de no recibir una respuesta satisfactoria tomar\u00e1n las oficinas del Tribunal de Conciliaci\u00f3n de Guerrero e iniciar\u00e1n con un paro laboral por tiempo indefinido, hasta lograr obtener el registro sindical.<\/p>\n\n\n\n<p>\u00abLe estamos pidiendo a este tribunal el respoto a nuestra autonom\u00eda sindical, nos han entregado al d\u00eda de hoy tres negativas a las peticiones que hemos hecho y el d\u00eda de hoy estamos solicitando que respeten las decisiones que tomamos en nuestras asambleas y que no le den una interpretaci\u00f3n a modo a nuestros estatutos\u00bb, dijo el dirigente sindical.<\/p>\n\n\n\n<p>Posteriormente, en marcha continuaron con su movilizaci\u00f3n y llegaron hasta el edificio de la Secretar\u00eda de Gesti\u00f3n Integral de Riosgos y Protecci\u00f3n Civil, donde los inconformes pidieron al titular de la dependencia, Roberto Arroyo Matus que sea sensible a las demandas que le han planteado y que haga valer los derechos laborales de sus trabajadores.<\/p>\n","protected":false},"excerpt":{"rendered":"<p>&#8212; Marcharon por calles de Chilpancingo para exigir atenci\u00f3n a sus demandas Rosario Garc\u00eda Orozco Integrantes del Sindicato de Protecci\u00f3n Civil y Bomberos del estado marcharon por calles de la&hellip; <\/p>\n","protected":false},"author":14,"featured_media":87775,"comment_status":"open","ping_status":"open","sticky":false,"template":"","format":"standard","meta":{"fifu_image_url":"","fifu_image_alt":"","footnotes":""},"categories":[11],"tags":[],"class_list":["post-87774","post","type-post","status-publish","format-standard","has-post-thumbnail","hentry","category-guerrero"],"_links":{"self":[{"href":"https:\/\/www.interaccionnoticias.com.mx\/index.php?rest_route=\/wp\/v2\/posts\/87774","targetHints":{"allow":["GET"]}}],"collection":[{"href":"https:\/\/www.interaccionnoticias.com.mx\/index.php?rest_route=\/wp\/v2\/posts"}],"about":[{"href":"https:\/\/www.interaccionnoticias.com.mx\/index.php?rest_route=\/wp\/v2\/types\/post"}],"author":[{"embeddable":true,"href":"https:\/\/www.interaccionnoticias.com.mx\/index.php?rest_route=\/wp\/v2\/users\/14"}],"replies":[{"embeddable":true,"href":"https:\/\/www.interaccionnoticias.com.mx\/index.php?rest_route=%2Fwp%2Fv2%2Fcomments&post=87774"}],"version-history":[{"count":1,"href":"https:\/\/www.interaccionnoticias.com.mx\/index.php?rest_route=\/wp\/v2\/posts\/87774\/revisions"}],"predecessor-version":[{"id":87776,"href":"https:\/\/www.interaccionnoticias.com.mx\/index.php?rest_route=\/wp\/v2\/posts\/87774\/revisions\/87776"}],"wp:featuredmedia":[{"embeddable":true,"href":"https:\/\/www.interaccionnoticias.com.mx\/index.php?rest_route=\/wp\/v2\/media\/87775"}],"wp:attachment":[{"href":"https:\/\/www.interaccionnoticias.com.mx\/index.php?rest_route=%2Fwp%2Fv2%2Fmedia&parent=87774"}],"wp:term":[{"taxonomy":"category","embeddable":true,"href":"https:\/\/www.interaccionnoticias.com.mx\/index.php?rest_route=%2Fwp%2Fv2%2Fcategories&post=87774"},{"taxonomy":"post_tag","embeddable":true,"href":"https:\/\/www.interaccionnoticias.com.mx\/index.php?rest_route=%2Fwp%2Fv2%2Ftags&post=87774"}],"curies":[{"name":"wp","href":"https:\/\/api.w.org\/{rel}","templated":true}]}}