{"id":87765,"date":"2025-02-18T15:50:00","date_gmt":"2025-02-18T21:50:00","guid":{"rendered":"https:\/\/www.interaccionnoticias.com.mx\/?p=87765"},"modified":"2025-02-18T21:40:03","modified_gmt":"2025-02-19T03:40:03","slug":"trabajadores-del-departamento-de-educacion-preescolar-cierran-sus-oficinas-denuncian-falta-de-equipo","status":"publish","type":"post","link":"https:\/\/www.interaccionnoticias.com.mx\/?p=87765","title":{"rendered":"Trabajadores del departamento de Educaci\u00f3n Preescolar cierran sus oficinas, denuncian falta de equipo"},"content":{"rendered":"\n<p><strong><em>&#8212; Aseguran que llevan 10 a\u00f1os sin mobiliario ni computadoras<\/em><\/strong><\/p>\n\n\n\n<p><strong>Jes\u00fas Dorantes<\/strong><\/p>\n\n\n\n<p>Chilpancingo, Gro.- Trabajadores del Departamento de Educaci\u00f3n Preescolar de la Secretar\u00eda de Educaci\u00f3n Guerrero (SEG) suspendieron labores y tomaron sus oficinas en el centro de la ciudad, denuncian la falta de equipo de oficina y mobiliario m\u00ednimo para realizar sus funciones.<\/p>\n\n\n\n<p>Alrededor de 30 trabajadores administrativos y pedag\u00f3gicos de ambos turnos se manifestaron al mediod\u00eda de este martes 18 de febrero, colocando cadenas, candados y pancartas para exigir la entrega de mobiliario y equipo de oficina necesarios para realizar sus actividades diarias, ante el silencio que han recibido sus demandas.<\/p>\n\n\n\n<p>Oscar Alvarado, trabajador del departamento de Educaci\u00f3n Preescolar Transferido, relat\u00f3 que desde hace una d\u00e9cada que fueron retirados del Exineban y trasladados a oficinas alternas, no han recibido el equipo necesario para laborar.<\/p>\n\n\n\n<p>Explic\u00f3 que el equipo fue tra\u00eddo de las oficinas que se ubican al sur de Chilpancingo, el cual se compone de mobiliario viejo, que con el tiempo qued\u00f3 inservible.<\/p>\n\n\n\n<p>Adem\u00e1s dijo que no cuentan con herramientas como computadoras, impresoras ni m\u00e1quinas de copiado.<\/p>\n\n\n\n<p>Para realizar sus jornadas laborales, los trabajadores se han visto obligados a comprar su propio inmobiliario y utilizar computadoras que llevan de sus casas.<\/p>\n\n\n\n<p>Esto a pesar de que en el a\u00f1o 2023 solicitaron al entonces subsecretario de Educaci\u00f3n B\u00e1sica, Ricardo Castillo Pe\u00f1a, la asignaci\u00f3n de material de oficina y mobiliario, sin que hasta el nomento se les haya dado una respuesta.<\/p>\n\n\n\n<div class=\"wp-block-jetpack-slideshow aligncenter\" data-effect=\"slide\"><div class=\"wp-block-jetpack-slideshow_container swiper-container\"><ul class=\"wp-block-jetpack-slideshow_swiper-wrapper swiper-wrapper\"><li class=\"wp-block-jetpack-slideshow_slide swiper-slide\"><figure><img decoding=\"async\" src=\"data:image\/gif;base64,R0lGODlhAQABAIAAAAAAAP\/\/\/ywAAAAAAQABAAACAUwAOw==\" fifu-lazy=\"1\" fifu-data-sizes=\"auto\" fifu-data-srcset=\"https:\/\/i3.wp.com\/www.interaccionnoticias.com.mx\/wp-content\/uploads\/2025\/02\/250218-Educacion-Preescolar-1-1024x683.jpg?ssl=1&w=75&resize=75&ssl=1 75w, https:\/\/i3.wp.com\/www.interaccionnoticias.com.mx\/wp-content\/uploads\/2025\/02\/250218-Educacion-Preescolar-1-1024x683.jpg?ssl=1&w=100&resize=100&ssl=1 100w, https:\/\/i3.wp.com\/www.interaccionnoticias.com.mx\/wp-content\/uploads\/2025\/02\/250218-Educacion-Preescolar-1-1024x683.jpg?ssl=1&w=150&resize=150&ssl=1 150w, https:\/\/i3.wp.com\/www.interaccionnoticias.com.mx\/wp-content\/uploads\/2025\/02\/250218-Educacion-Preescolar-1-1024x683.jpg?ssl=1&w=240&resize=240&ssl=1 240w, https:\/\/i3.wp.com\/www.interaccionnoticias.com.mx\/wp-content\/uploads\/2025\/02\/250218-Educacion-Preescolar-1-1024x683.jpg?ssl=1&w=320&resize=320&ssl=1 320w, https:\/\/i3.wp.com\/www.interaccionnoticias.com.mx\/wp-content\/uploads\/2025\/02\/250218-Educacion-Preescolar-1-1024x683.jpg?ssl=1&w=500&resize=500&ssl=1 500w, https:\/\/i3.wp.com\/www.interaccionnoticias.com.mx\/wp-content\/uploads\/2025\/02\/250218-Educacion-Preescolar-1-1024x683.jpg?ssl=1&w=640&resize=640&ssl=1 640w, https:\/\/i3.wp.com\/www.interaccionnoticias.com.mx\/wp-content\/uploads\/2025\/02\/250218-Educacion-Preescolar-1-1024x683.jpg?ssl=1&w=800&resize=800&ssl=1 800w, https:\/\/i3.wp.com\/www.interaccionnoticias.com.mx\/wp-content\/uploads\/2025\/02\/250218-Educacion-Preescolar-1-1024x683.jpg?ssl=1&w=1024&resize=1024&ssl=1 1024w, https:\/\/i3.wp.com\/www.interaccionnoticias.com.mx\/wp-content\/uploads\/2025\/02\/250218-Educacion-Preescolar-1-1024x683.jpg?ssl=1&w=1280&resize=1280&ssl=1 1280w, https:\/\/i3.wp.com\/www.interaccionnoticias.com.mx\/wp-content\/uploads\/2025\/02\/250218-Educacion-Preescolar-1-1024x683.jpg?ssl=1&w=1600&resize=1600&ssl=1 1600w\" alt=\"\" class=\"wp-block-jetpack-slideshow_image wp-image-87766\" data-id=\"87766\" fifu-data-src=\"https:\/\/i3.wp.com\/www.interaccionnoticias.com.mx\/wp-content\/uploads\/2025\/02\/250218-Educacion-Preescolar-1-1024x683.jpg?ssl=1\"\/><\/figure><\/li><li class=\"wp-block-jetpack-slideshow_slide swiper-slide\"><figure><img decoding=\"async\" src=\"data:image\/gif;base64,R0lGODlhAQABAIAAAAAAAP\/\/\/ywAAAAAAQABAAACAUwAOw==\" fifu-lazy=\"1\" fifu-data-sizes=\"auto\" fifu-data-srcset=\"https:\/\/i0.wp.com\/www.interaccionnoticias.com.mx\/wp-content\/uploads\/2025\/02\/250218-Educacion-Preescolar-2-1024x683.jpg?ssl=1&w=75&resize=75&ssl=1 75w, https:\/\/i0.wp.com\/www.interaccionnoticias.com.mx\/wp-content\/uploads\/2025\/02\/250218-Educacion-Preescolar-2-1024x683.jpg?ssl=1&w=100&resize=100&ssl=1 100w, https:\/\/i0.wp.com\/www.interaccionnoticias.com.mx\/wp-content\/uploads\/2025\/02\/250218-Educacion-Preescolar-2-1024x683.jpg?ssl=1&w=150&resize=150&ssl=1 150w, https:\/\/i0.wp.com\/www.interaccionnoticias.com.mx\/wp-content\/uploads\/2025\/02\/250218-Educacion-Preescolar-2-1024x683.jpg?ssl=1&w=240&resize=240&ssl=1 240w, https:\/\/i0.wp.com\/www.interaccionnoticias.com.mx\/wp-content\/uploads\/2025\/02\/250218-Educacion-Preescolar-2-1024x683.jpg?ssl=1&w=320&resize=320&ssl=1 320w, https:\/\/i0.wp.com\/www.interaccionnoticias.com.mx\/wp-content\/uploads\/2025\/02\/250218-Educacion-Preescolar-2-1024x683.jpg?ssl=1&w=500&resize=500&ssl=1 500w, https:\/\/i0.wp.com\/www.interaccionnoticias.com.mx\/wp-content\/uploads\/2025\/02\/250218-Educacion-Preescolar-2-1024x683.jpg?ssl=1&w=640&resize=640&ssl=1 640w, https:\/\/i0.wp.com\/www.interaccionnoticias.com.mx\/wp-content\/uploads\/2025\/02\/250218-Educacion-Preescolar-2-1024x683.jpg?ssl=1&w=800&resize=800&ssl=1 800w, https:\/\/i0.wp.com\/www.interaccionnoticias.com.mx\/wp-content\/uploads\/2025\/02\/250218-Educacion-Preescolar-2-1024x683.jpg?ssl=1&w=1024&resize=1024&ssl=1 1024w, https:\/\/i0.wp.com\/www.interaccionnoticias.com.mx\/wp-content\/uploads\/2025\/02\/250218-Educacion-Preescolar-2-1024x683.jpg?ssl=1&w=1280&resize=1280&ssl=1 1280w, https:\/\/i0.wp.com\/www.interaccionnoticias.com.mx\/wp-content\/uploads\/2025\/02\/250218-Educacion-Preescolar-2-1024x683.jpg?ssl=1&w=1600&resize=1600&ssl=1 1600w\" alt=\"\" class=\"wp-block-jetpack-slideshow_image wp-image-87767\" data-id=\"87767\" fifu-data-src=\"https:\/\/i0.wp.com\/www.interaccionnoticias.com.mx\/wp-content\/uploads\/2025\/02\/250218-Educacion-Preescolar-2-1024x683.jpg?ssl=1\"\/><\/figure><\/li><\/ul><a class=\"wp-block-jetpack-slideshow_button-prev swiper-button-prev swiper-button-white\" role=\"button\"><\/a><a class=\"wp-block-jetpack-slideshow_button-next swiper-button-next swiper-button-white\" role=\"button\"><\/a><a aria-label=\"Pause Slideshow\" class=\"wp-block-jetpack-slideshow_button-pause\" role=\"button\"><\/a><div class=\"wp-block-jetpack-slideshow_pagination swiper-pagination swiper-pagination-white\"><\/div><\/div><\/div>\n","protected":false},"excerpt":{"rendered":"<p>&#8212; Aseguran que llevan 10 a\u00f1os sin mobiliario ni computadoras Jes\u00fas Dorantes Chilpancingo, Gro.- Trabajadores del Departamento de Educaci\u00f3n Preescolar de la Secretar\u00eda de Educaci\u00f3n Guerrero (SEG) suspendieron labores y&hellip; <\/p>\n","protected":false},"author":8,"featured_media":87767,"comment_status":"open","ping_status":"open","sticky":false,"template":"","format":"standard","meta":{"fifu_image_url":"","fifu_image_alt":"","footnotes":""},"categories":[6],"tags":[],"class_list":["post-87765","post","type-post","status-publish","format-standard","has-post-thumbnail","hentry","category-educacion"],"_links":{"self":[{"href":"https:\/\/www.interaccionnoticias.com.mx\/index.php?rest_route=\/wp\/v2\/posts\/87765","targetHints":{"allow":["GET"]}}],"collection":[{"href":"https:\/\/www.interaccionnoticias.com.mx\/index.php?rest_route=\/wp\/v2\/posts"}],"about":[{"href":"https:\/\/www.interaccionnoticias.com.mx\/index.php?rest_route=\/wp\/v2\/types\/post"}],"author":[{"embeddable":true,"href":"https:\/\/www.interaccionnoticias.com.mx\/index.php?rest_route=\/wp\/v2\/users\/8"}],"replies":[{"embeddable":true,"href":"https:\/\/www.interaccionnoticias.com.mx\/index.php?rest_route=%2Fwp%2Fv2%2Fcomments&post=87765"}],"version-history":[{"count":1,"href":"https:\/\/www.interaccionnoticias.com.mx\/index.php?rest_route=\/wp\/v2\/posts\/87765\/revisions"}],"predecessor-version":[{"id":87768,"href":"https:\/\/www.interaccionnoticias.com.mx\/index.php?rest_route=\/wp\/v2\/posts\/87765\/revisions\/87768"}],"wp:featuredmedia":[{"embeddable":true,"href":"https:\/\/www.interaccionnoticias.com.mx\/index.php?rest_route=\/wp\/v2\/media\/87767"}],"wp:attachment":[{"href":"https:\/\/www.interaccionnoticias.com.mx\/index.php?rest_route=%2Fwp%2Fv2%2Fmedia&parent=87765"}],"wp:term":[{"taxonomy":"category","embeddable":true,"href":"https:\/\/www.interaccionnoticias.com.mx\/index.php?rest_route=%2Fwp%2Fv2%2Fcategories&post=87765"},{"taxonomy":"post_tag","embeddable":true,"href":"https:\/\/www.interaccionnoticias.com.mx\/index.php?rest_route=%2Fwp%2Fv2%2Ftags&post=87765"}],"curies":[{"name":"wp","href":"https:\/\/api.w.org\/{rel}","templated":true}]}}