{"id":87752,"date":"2025-02-18T13:32:02","date_gmt":"2025-02-18T19:32:02","guid":{"rendered":"https:\/\/www.interaccionnoticias.com.mx\/?p=87752"},"modified":"2025-02-18T13:32:04","modified_gmt":"2025-02-18T19:32:04","slug":"claman-justicia-medicos-veterinarios","status":"publish","type":"post","link":"https:\/\/www.interaccionnoticias.com.mx\/?p=87752","title":{"rendered":"Claman justicia m\u00e9dicos veterinarios"},"content":{"rendered":"\n<p><em><strong>&#8212; En Acapulco polic\u00edas municipales secuestraron y asesinaron al presidente de la asociaci\u00f3n de m\u00e9dicos veterinarios<br>&#8212; Se manifestaron en el ayuntamiento de Acapulco<\/strong><\/em><\/p>\n\n\n\n<p><strong>Javier Trujillo<\/strong><\/p>\n\n\n\n<p><strong>Acapulco, Gro.- <\/strong>M\u00e9dicos veterinarios de Acapulco, se sumaron a la protesta &#8216;Un d\u00eda sin veterinarios en M\u00e9xico&#8217;, para exigir el esclarecimiento y castigo a los responsables por la muerte de su compa\u00f1ero de profesi\u00f3n H\u00e9ctor Hern\u00e1ndez Caba\u00f1as.<\/p>\n\n\n\n<p>Un grupo de profesionistas, empleados, as\u00ed como veterinarios se manifestaron en las escalinatas del Ayuntamiento de Acapulco para exigir justicia por el asesinato de su compa\u00f1ero H\u00e9ctor Hern\u00e1ndez, al tiempo que demandan seguridad en el desempe\u00f1o de su actividad.<\/p>\n\n\n\n<p>\u00abEstamos pidiendo primeramente atenci\u00f3n en el tema de la seguridad, para ejercer nuestra profesi\u00f3n los medios de seguridad que cualquier profesionista puede tener.<\/p>\n\n\n\n<p>\u00abNo necesariamente solapar nuestras fallas porque somos responsables de est\u00e1s y las negligencias, pero tampoco somos dioses ni propietarios de la vida\u00bb, dijo Homero Godoy R\u00edos, m\u00e9dico veterinario en el puerto de Acapulco.<\/p>\n\n\n\n<p>Record\u00f3 el caso del m\u00e9dico veterinario Victor Robles Espinoza, quien fue secuestrado y asesinado a balazos por dos o tres polic\u00edas municipales del puerto de Acapulco.<\/p>\n\n\n\n<p>\u00abAqu\u00ed a nivel local hay que recordar en fechas pasadas el asesinato injusto de nuestro compa\u00f1ero V\u00edctor Robles, qui\u00e9n fue secuestrado y asesinado apenas en meses recientes.<\/p>\n\n\n\n<p>\u00abEl era el presidente de la Asociaci\u00f3n de M\u00e9dicos Veterinarios de Acapulco y hoy se supo que las investigaciones se\u00f1alan que participaron dos o tres participantes de ese secuestro eran polic\u00edas en activo, municipales de Acapulco\u00bb, dijo el m\u00e9dico Godoy R\u00edos.<\/p>\n\n\n\n<p>Remarc\u00f3 que en el caso del veterinario H\u00e9ctor Hern\u00e1ndez, fue injustamente juzgado por la sociedad civil que a veces no llega a comprender los alcances de la vida.<\/p>\n\n\n\n<p>Explico que en redes sociales se extendi\u00f3 un rumor, porque sin tener contexto real, no supieron que se trat\u00f3 de una mascotita que fue atendida por el doctor Hern\u00e1ndez Caba\u00f1as y fue asesinado a pu\u00f1aladas por la espalda.<\/p>\n\n\n\n<p>Durante este martes m\u00e9dicos veterinarios de distintas partes de M\u00e9xico realizaron un paro nacional para exigir justicia por su compa\u00f1ero quien fue asesinado tras sufrir amenazas y extorsiones por no salvar la vida de una perrita.<\/p>\n","protected":false},"excerpt":{"rendered":"<p>&#8212; En Acapulco polic\u00edas municipales secuestraron y asesinaron al presidente de la asociaci\u00f3n de m\u00e9dicos veterinarios&#8212; Se manifestaron en el ayuntamiento de Acapulco Javier Trujillo Acapulco, Gro.- M\u00e9dicos veterinarios de&hellip; <\/p>\n","protected":false},"author":3,"featured_media":87753,"comment_status":"open","ping_status":"open","sticky":false,"template":"","format":"standard","meta":{"fifu_image_url":"","fifu_image_alt":"","footnotes":""},"categories":[242],"tags":[],"class_list":["post-87752","post","type-post","status-publish","format-standard","has-post-thumbnail","hentry","category-acapulco"],"_links":{"self":[{"href":"https:\/\/www.interaccionnoticias.com.mx\/index.php?rest_route=\/wp\/v2\/posts\/87752","targetHints":{"allow":["GET"]}}],"collection":[{"href":"https:\/\/www.interaccionnoticias.com.mx\/index.php?rest_route=\/wp\/v2\/posts"}],"about":[{"href":"https:\/\/www.interaccionnoticias.com.mx\/index.php?rest_route=\/wp\/v2\/types\/post"}],"author":[{"embeddable":true,"href":"https:\/\/www.interaccionnoticias.com.mx\/index.php?rest_route=\/wp\/v2\/users\/3"}],"replies":[{"embeddable":true,"href":"https:\/\/www.interaccionnoticias.com.mx\/index.php?rest_route=%2Fwp%2Fv2%2Fcomments&post=87752"}],"version-history":[{"count":1,"href":"https:\/\/www.interaccionnoticias.com.mx\/index.php?rest_route=\/wp\/v2\/posts\/87752\/revisions"}],"predecessor-version":[{"id":87754,"href":"https:\/\/www.interaccionnoticias.com.mx\/index.php?rest_route=\/wp\/v2\/posts\/87752\/revisions\/87754"}],"wp:featuredmedia":[{"embeddable":true,"href":"https:\/\/www.interaccionnoticias.com.mx\/index.php?rest_route=\/wp\/v2\/media\/87753"}],"wp:attachment":[{"href":"https:\/\/www.interaccionnoticias.com.mx\/index.php?rest_route=%2Fwp%2Fv2%2Fmedia&parent=87752"}],"wp:term":[{"taxonomy":"category","embeddable":true,"href":"https:\/\/www.interaccionnoticias.com.mx\/index.php?rest_route=%2Fwp%2Fv2%2Fcategories&post=87752"},{"taxonomy":"post_tag","embeddable":true,"href":"https:\/\/www.interaccionnoticias.com.mx\/index.php?rest_route=%2Fwp%2Fv2%2Ftags&post=87752"}],"curies":[{"name":"wp","href":"https:\/\/api.w.org\/{rel}","templated":true}]}}