{"id":87710,"date":"2025-02-17T13:39:47","date_gmt":"2025-02-17T19:39:47","guid":{"rendered":"https:\/\/www.interaccionnoticias.com.mx\/?p=87710"},"modified":"2025-02-17T13:39:48","modified_gmt":"2025-02-17T19:39:48","slug":"guardia-nacional-detiene-a-cinco-policias-comunitarios-entre-ellos-dos-comandantes","status":"publish","type":"post","link":"https:\/\/www.interaccionnoticias.com.mx\/?p=87710","title":{"rendered":"Guardia Nacional detiene a cinco polic\u00edas comunitarios, entre ellos dos comandantes"},"content":{"rendered":"\n<p><em><strong>&#8212; Los arrestaron el domingo en Tlapa, pertenecen a la Casa de Justicia de Espino Blanco<\/strong><\/em><\/p>\n\n\n\n<p><strong>Yasm\u00edn Garc\u00eda<\/strong><\/p>\n\n\n\n<p>Elementos de la Guardia Nacional (GN) detuvieron a cinco integrantes de la Coordinadora Regional de Autoridades Comunitarias-Policia Comunitaria (CRAC-PC), quienes la ma\u00f1ana del lunes fueron presentados en la delegaci\u00f3n de la Fiscal\u00eda General de la Republica (FGR).<\/p>\n\n\n\n<p>Se trata de dos comandantes y tres integrantes de la casa de justicia de Espino Blanco, municipio de Malinaltepec, quienes fueron detenidos despu\u00e9s de dejar a un adulto mayor en el Hospital General de dicha ciudad, a quien localizaron con golpes en la cabeza.<\/p>\n\n\n\n<p>Mart\u00edn Rosales Sierra, Consejero Regional de la Casa de Justicia de Espino Blanco, explic\u00f3 que los detenidos son originarios de Xalpatlahuac y se encontraban realizando recorridos de seguridad, cuando localizaron a un adulto mayor sangrando de la cabeza y lo trasladaron al Hospital General de Tlapa.<\/p>\n\n\n\n<p>Los comunitarios regresaban hacia Xalpatlahuac cuando fueron detenidos por elementos de la GN, bajo el argumento de que portaban rifles R-15, considerados como de uso exclusivo.<\/p>\n\n\n\n<p>Mencion\u00f3 que su reglamento estipula que los comandantes pueden portar armas de grueso calibre.<\/p>\n\n\n\n<p>\u00abLos dos comandantes llevaban armas que usan los comandantes y nuestro reglamento dice que los comandantes pueden hacerlo, la asamblea determin\u00f3 que pueden portar armas de alto calibre pero en ning\u00fan momento las usaron\u00bb, precis\u00f3 Rosales Basilio.<\/p>\n\n\n\n<p>Asegur\u00f3 que con dicha detenci\u00f3n se rompe la coordinaci\u00f3n de trabajo que ten\u00edan con la Guardia Nacional (GN).<\/p>\n\n\n\n<p>Las instalaciones de la Fiscal\u00eda General de la Rep\u00fablica (FGR) permanece resguardada por agentes de la Federaci\u00f3n, mientras que dentro permanecen los cinco polic\u00edas comunitarios detenidos.<\/p>\n\n\n\n<p>Hasta el momento no hay grupos de manifestantes en dichas instalaciones.<\/p>\n\n\n\n<div class=\"wp-block-jetpack-slideshow aligncenter\" data-effect=\"slide\"><div class=\"wp-block-jetpack-slideshow_container swiper-container\"><ul class=\"wp-block-jetpack-slideshow_swiper-wrapper swiper-wrapper\"><li class=\"wp-block-jetpack-slideshow_slide swiper-slide\"><figure><img decoding=\"async\" src=\"data:image\/gif;base64,R0lGODlhAQABAIAAAAAAAP\/\/\/ywAAAAAAQABAAACAUwAOw==\" fifu-lazy=\"1\" fifu-data-sizes=\"auto\" fifu-data-srcset=\"https:\/\/i2.wp.com\/www.interaccionnoticias.com.mx\/wp-content\/uploads\/2025\/02\/250217-policias-comunitarios-1-1024x683.jpg?ssl=1&w=75&resize=75&ssl=1 75w, https:\/\/i2.wp.com\/www.interaccionnoticias.com.mx\/wp-content\/uploads\/2025\/02\/250217-policias-comunitarios-1-1024x683.jpg?ssl=1&w=100&resize=100&ssl=1 100w, https:\/\/i2.wp.com\/www.interaccionnoticias.com.mx\/wp-content\/uploads\/2025\/02\/250217-policias-comunitarios-1-1024x683.jpg?ssl=1&w=150&resize=150&ssl=1 150w, https:\/\/i2.wp.com\/www.interaccionnoticias.com.mx\/wp-content\/uploads\/2025\/02\/250217-policias-comunitarios-1-1024x683.jpg?ssl=1&w=240&resize=240&ssl=1 240w, https:\/\/i2.wp.com\/www.interaccionnoticias.com.mx\/wp-content\/uploads\/2025\/02\/250217-policias-comunitarios-1-1024x683.jpg?ssl=1&w=320&resize=320&ssl=1 320w, https:\/\/i2.wp.com\/www.interaccionnoticias.com.mx\/wp-content\/uploads\/2025\/02\/250217-policias-comunitarios-1-1024x683.jpg?ssl=1&w=500&resize=500&ssl=1 500w, https:\/\/i2.wp.com\/www.interaccionnoticias.com.mx\/wp-content\/uploads\/2025\/02\/250217-policias-comunitarios-1-1024x683.jpg?ssl=1&w=640&resize=640&ssl=1 640w, https:\/\/i2.wp.com\/www.interaccionnoticias.com.mx\/wp-content\/uploads\/2025\/02\/250217-policias-comunitarios-1-1024x683.jpg?ssl=1&w=800&resize=800&ssl=1 800w, https:\/\/i2.wp.com\/www.interaccionnoticias.com.mx\/wp-content\/uploads\/2025\/02\/250217-policias-comunitarios-1-1024x683.jpg?ssl=1&w=1024&resize=1024&ssl=1 1024w, https:\/\/i2.wp.com\/www.interaccionnoticias.com.mx\/wp-content\/uploads\/2025\/02\/250217-policias-comunitarios-1-1024x683.jpg?ssl=1&w=1280&resize=1280&ssl=1 1280w, https:\/\/i2.wp.com\/www.interaccionnoticias.com.mx\/wp-content\/uploads\/2025\/02\/250217-policias-comunitarios-1-1024x683.jpg?ssl=1&w=1600&resize=1600&ssl=1 1600w\" alt=\"\" class=\"wp-block-jetpack-slideshow_image wp-image-87711\" data-id=\"87711\" fifu-data-src=\"https:\/\/i2.wp.com\/www.interaccionnoticias.com.mx\/wp-content\/uploads\/2025\/02\/250217-policias-comunitarios-1-1024x683.jpg?ssl=1\"\/><\/figure><\/li><li class=\"wp-block-jetpack-slideshow_slide swiper-slide\"><figure><img decoding=\"async\" src=\"data:image\/gif;base64,R0lGODlhAQABAIAAAAAAAP\/\/\/ywAAAAAAQABAAACAUwAOw==\" fifu-lazy=\"1\" fifu-data-sizes=\"auto\" fifu-data-srcset=\"https:\/\/i1.wp.com\/www.interaccionnoticias.com.mx\/wp-content\/uploads\/2025\/02\/250217-policias-comunitarios-2-1024x683.jpg?ssl=1&w=75&resize=75&ssl=1 75w, https:\/\/i1.wp.com\/www.interaccionnoticias.com.mx\/wp-content\/uploads\/2025\/02\/250217-policias-comunitarios-2-1024x683.jpg?ssl=1&w=100&resize=100&ssl=1 100w, https:\/\/i1.wp.com\/www.interaccionnoticias.com.mx\/wp-content\/uploads\/2025\/02\/250217-policias-comunitarios-2-1024x683.jpg?ssl=1&w=150&resize=150&ssl=1 150w, https:\/\/i1.wp.com\/www.interaccionnoticias.com.mx\/wp-content\/uploads\/2025\/02\/250217-policias-comunitarios-2-1024x683.jpg?ssl=1&w=240&resize=240&ssl=1 240w, https:\/\/i1.wp.com\/www.interaccionnoticias.com.mx\/wp-content\/uploads\/2025\/02\/250217-policias-comunitarios-2-1024x683.jpg?ssl=1&w=320&resize=320&ssl=1 320w, https:\/\/i1.wp.com\/www.interaccionnoticias.com.mx\/wp-content\/uploads\/2025\/02\/250217-policias-comunitarios-2-1024x683.jpg?ssl=1&w=500&resize=500&ssl=1 500w, https:\/\/i1.wp.com\/www.interaccionnoticias.com.mx\/wp-content\/uploads\/2025\/02\/250217-policias-comunitarios-2-1024x683.jpg?ssl=1&w=640&resize=640&ssl=1 640w, https:\/\/i1.wp.com\/www.interaccionnoticias.com.mx\/wp-content\/uploads\/2025\/02\/250217-policias-comunitarios-2-1024x683.jpg?ssl=1&w=800&resize=800&ssl=1 800w, https:\/\/i1.wp.com\/www.interaccionnoticias.com.mx\/wp-content\/uploads\/2025\/02\/250217-policias-comunitarios-2-1024x683.jpg?ssl=1&w=1024&resize=1024&ssl=1 1024w, https:\/\/i1.wp.com\/www.interaccionnoticias.com.mx\/wp-content\/uploads\/2025\/02\/250217-policias-comunitarios-2-1024x683.jpg?ssl=1&w=1280&resize=1280&ssl=1 1280w, https:\/\/i1.wp.com\/www.interaccionnoticias.com.mx\/wp-content\/uploads\/2025\/02\/250217-policias-comunitarios-2-1024x683.jpg?ssl=1&w=1600&resize=1600&ssl=1 1600w\" alt=\"\" class=\"wp-block-jetpack-slideshow_image wp-image-87712\" data-id=\"87712\" fifu-data-src=\"https:\/\/i1.wp.com\/www.interaccionnoticias.com.mx\/wp-content\/uploads\/2025\/02\/250217-policias-comunitarios-2-1024x683.jpg?ssl=1\"\/><\/figure><\/li><\/ul><a class=\"wp-block-jetpack-slideshow_button-prev swiper-button-prev swiper-button-white\" role=\"button\"><\/a><a class=\"wp-block-jetpack-slideshow_button-next swiper-button-next swiper-button-white\" role=\"button\"><\/a><a aria-label=\"Pause Slideshow\" class=\"wp-block-jetpack-slideshow_button-pause\" role=\"button\"><\/a><div class=\"wp-block-jetpack-slideshow_pagination swiper-pagination swiper-pagination-white\"><\/div><\/div><\/div>\n","protected":false},"excerpt":{"rendered":"<p>&#8212; Los arrestaron el domingo en Tlapa, pertenecen a la Casa de Justicia de Espino Blanco Yasm\u00edn Garc\u00eda Elementos de la Guardia Nacional (GN) detuvieron a cinco integrantes de la&hellip; <\/p>\n","protected":false},"author":32,"featured_media":87712,"comment_status":"open","ping_status":"open","sticky":false,"template":"","format":"standard","meta":{"fifu_image_url":"","fifu_image_alt":"","footnotes":""},"categories":[11],"tags":[],"class_list":["post-87710","post","type-post","status-publish","format-standard","has-post-thumbnail","hentry","category-guerrero"],"_links":{"self":[{"href":"https:\/\/www.interaccionnoticias.com.mx\/index.php?rest_route=\/wp\/v2\/posts\/87710","targetHints":{"allow":["GET"]}}],"collection":[{"href":"https:\/\/www.interaccionnoticias.com.mx\/index.php?rest_route=\/wp\/v2\/posts"}],"about":[{"href":"https:\/\/www.interaccionnoticias.com.mx\/index.php?rest_route=\/wp\/v2\/types\/post"}],"author":[{"embeddable":true,"href":"https:\/\/www.interaccionnoticias.com.mx\/index.php?rest_route=\/wp\/v2\/users\/32"}],"replies":[{"embeddable":true,"href":"https:\/\/www.interaccionnoticias.com.mx\/index.php?rest_route=%2Fwp%2Fv2%2Fcomments&post=87710"}],"version-history":[{"count":1,"href":"https:\/\/www.interaccionnoticias.com.mx\/index.php?rest_route=\/wp\/v2\/posts\/87710\/revisions"}],"predecessor-version":[{"id":87713,"href":"https:\/\/www.interaccionnoticias.com.mx\/index.php?rest_route=\/wp\/v2\/posts\/87710\/revisions\/87713"}],"wp:featuredmedia":[{"embeddable":true,"href":"https:\/\/www.interaccionnoticias.com.mx\/index.php?rest_route=\/wp\/v2\/media\/87712"}],"wp:attachment":[{"href":"https:\/\/www.interaccionnoticias.com.mx\/index.php?rest_route=%2Fwp%2Fv2%2Fmedia&parent=87710"}],"wp:term":[{"taxonomy":"category","embeddable":true,"href":"https:\/\/www.interaccionnoticias.com.mx\/index.php?rest_route=%2Fwp%2Fv2%2Fcategories&post=87710"},{"taxonomy":"post_tag","embeddable":true,"href":"https:\/\/www.interaccionnoticias.com.mx\/index.php?rest_route=%2Fwp%2Fv2%2Ftags&post=87710"}],"curies":[{"name":"wp","href":"https:\/\/api.w.org\/{rel}","templated":true}]}}