{"id":87705,"date":"2025-02-17T09:52:00","date_gmt":"2025-02-17T15:52:00","guid":{"rendered":"https:\/\/www.interaccionnoticias.com.mx\/?p=87705"},"modified":"2025-02-17T12:02:49","modified_gmt":"2025-02-17T18:02:49","slug":"una-de-las-4-victimas-de-la-ambulancia-era-trabajador-del-ine-guerrero","status":"publish","type":"post","link":"https:\/\/www.interaccionnoticias.com.mx\/?p=87705","title":{"rendered":"Una de las 4 v\u00edctimas de la ambulancia, era trabajador del INE Guerrero"},"content":{"rendered":"\n<p><strong><em>&#8212; Acompa\u00f1aba a su hijo, uno de los heridos de Tutepec en Ayutla de los Libres<br>&#8212; Los consejeros del INE claman justicia a las autoridades<\/em><\/strong><\/p>\n\n\n\n<p><strong>Javier Trujillo<\/strong><\/p>\n\n\n\n<p><strong>Acapulco, Gro. &#8211; <\/strong>Una de las cuatro v\u00edctimas que fueron ejecutadas al interior de una ambulancia, era Felipe Solano Ram\u00edrez trabajador del INE y padre de uno de los tres heridos que eran trasladados al puerto de Acapulco, luego de una balacera en la comunidad de Tutepec, municipio de Ayutla de los Libres.<\/p>\n\n\n\n<p>En un comunicado de los consejeros de la Junta Local Ejecutiva y el Consejo Local del INE en Guerrero, lamentaron los hechos de violencia donde fue asesinado el Operador de Equipo Tecnol\u00f3gico, adscrito al m\u00f3dulo de atenci\u00f3n ciudadana, Felipe Solano Ram\u00edrez, qui\u00e9n perdi\u00f3 la vida durante el ataque a la ambulancia que trasladaba a tres heridos.<\/p>\n\n\n\n<p>Felipe Solano, iba acompa\u00f1ando a su hijo que hab\u00eda resultado lesionado en la comunidad indigena de Tutepec, la tarde del pasado s\u00e1bado, donde en una balacera result\u00f3 lesionado su hijo.<\/p>\n\n\n\n<p>Entre las v\u00edctimas est\u00e1n Emanuel \u00abN\u00bb, Erik Yair Catal\u00e1n, Pedro Antonio Salazar Carbajal y Felipe Solano, quienes fueron interceptados, rematados y asesinados por un comando en la carretera federal Acapulco-Pinotepa Nacional en el poblado de Bella Vista.<\/p>\n\n\n\n<p>Ante ello, el INE Guerrero solicita a las autoridades esclarezca los hechos, deslinde responsabilidades y procure la justicia y aplique la ley con todo el rigor.<\/p>\n\n\n\n<p>En el reclam\u00f3, matizan se\u00f1alando que el hecho de violencia que dej\u00f3 sin vida al trabajador del INE, Solano Ram\u00edrez, no tiene nada que ver con la organizaci\u00f3n del proceso electoral extraordinario del Poder Judicial Federal.<\/p>\n","protected":false},"excerpt":{"rendered":"<p>&#8212; Acompa\u00f1aba a su hijo, uno de los heridos de Tutepec en Ayutla de los Libres&#8212; Los consejeros del INE claman justicia a las autoridades Javier Trujillo Acapulco, Gro. &#8211;&hellip; <\/p>\n","protected":false},"author":3,"featured_media":87706,"comment_status":"open","ping_status":"open","sticky":false,"template":"","format":"standard","meta":{"fifu_image_url":"","fifu_image_alt":"","footnotes":""},"categories":[11],"tags":[],"class_list":["post-87705","post","type-post","status-publish","format-standard","has-post-thumbnail","hentry","category-guerrero"],"_links":{"self":[{"href":"https:\/\/www.interaccionnoticias.com.mx\/index.php?rest_route=\/wp\/v2\/posts\/87705","targetHints":{"allow":["GET"]}}],"collection":[{"href":"https:\/\/www.interaccionnoticias.com.mx\/index.php?rest_route=\/wp\/v2\/posts"}],"about":[{"href":"https:\/\/www.interaccionnoticias.com.mx\/index.php?rest_route=\/wp\/v2\/types\/post"}],"author":[{"embeddable":true,"href":"https:\/\/www.interaccionnoticias.com.mx\/index.php?rest_route=\/wp\/v2\/users\/3"}],"replies":[{"embeddable":true,"href":"https:\/\/www.interaccionnoticias.com.mx\/index.php?rest_route=%2Fwp%2Fv2%2Fcomments&post=87705"}],"version-history":[{"count":1,"href":"https:\/\/www.interaccionnoticias.com.mx\/index.php?rest_route=\/wp\/v2\/posts\/87705\/revisions"}],"predecessor-version":[{"id":87707,"href":"https:\/\/www.interaccionnoticias.com.mx\/index.php?rest_route=\/wp\/v2\/posts\/87705\/revisions\/87707"}],"wp:featuredmedia":[{"embeddable":true,"href":"https:\/\/www.interaccionnoticias.com.mx\/index.php?rest_route=\/wp\/v2\/media\/87706"}],"wp:attachment":[{"href":"https:\/\/www.interaccionnoticias.com.mx\/index.php?rest_route=%2Fwp%2Fv2%2Fmedia&parent=87705"}],"wp:term":[{"taxonomy":"category","embeddable":true,"href":"https:\/\/www.interaccionnoticias.com.mx\/index.php?rest_route=%2Fwp%2Fv2%2Fcategories&post=87705"},{"taxonomy":"post_tag","embeddable":true,"href":"https:\/\/www.interaccionnoticias.com.mx\/index.php?rest_route=%2Fwp%2Fv2%2Ftags&post=87705"}],"curies":[{"name":"wp","href":"https:\/\/api.w.org\/{rel}","templated":true}]}}