{"id":8768,"date":"2017-10-01T23:59:27","date_gmt":"2017-10-02T04:59:27","guid":{"rendered":"http:\/\/www.inter-accion.com.mx\/?p=8768"},"modified":"2017-10-01T23:59:27","modified_gmt":"2017-10-02T04:59:27","slug":"se-unen-mas-de-600-militantes-del-pt-de-tixtla-a-psg-incluido-un-regidor","status":"publish","type":"post","link":"https:\/\/www.interaccionnoticias.com.mx\/?p=8768","title":{"rendered":"Se unen m\u00e1s de 600 militantes del PT de Tixtla a PSG, incluido un regidor"},"content":{"rendered":"<p><strong>Renunciar\u00e1 PSG a 50% de prerrogativas para donarlo a la reconstrucci\u00f3n de Guerrero: Daniel Campos<\/strong><br \/>\nConvencidos de que este es el proyecto pol\u00edtico que representa a las verdaderas causas sociales, l\u00edderes y simpatizantes del Partido del Trabajo en Tixtla, renunciaron a su militancia para unirse formalmente a las filas del Partido Socialista de Guerrero, inclu\u00eddo un regidor por lo que con ello, hoy el PSG cuenta con su primer representante popular.<br \/>\nEn conferencia de prensa en Chilpancingo, el presidente estatal del PSG, Daniel Campos Caravallido, anunci\u00f3 que el partido renunciar\u00e1 al 50% de sus prerrogativas para que el dinero que es de los ciudadanos, se destine a la reconstrucci\u00f3n de Guerrero.<br \/>\n\u00abNecesitamos tomar acciones de direcci\u00f3n para que el pueblo organizado inicie la tarea de la reconstrucci\u00f3n, no s\u00f3lo de vivienda, si no pol\u00edtica y econ\u00f3mica, comenzando por el \u00e1mbito local, por ello, es necesario una insurgencia popular, pac\u00edfica y constructiva. Que con su voto establezcan una nueva clase pol\u00edtica de gobernantes, en el pr\u00f3ximo proceso electoral\u00bb, refiri\u00f3.<br \/>\nPosteriormente, present\u00f3 a qui\u00e9n fung\u00eda como el l\u00edder municipal del PT en Tixtla y regidor en funciones, V\u00edctor Bartolo de Jes\u00fas y H\u00e9ctor \u00c1ngel Navarrete, quienes ante los medios de comunicaci\u00f3n se pronunciaron a favor del PSG al ser una opci\u00f3n viable para Guerrero.<br \/>\nPor su parte, Bartolo de Jes\u00fas, afirm\u00f3 que su decisi\u00f3n de salir del PT fue consensuada con las bases quienes aprobaron su salida y la uni\u00f3n de cerca de 600 militantes que ahora se adhieren al PSG.<br \/>\nPor lo que tambi\u00e9n llam\u00f3 a las dem\u00e1s coordinaciones del PT a conocer el proyecto del PSG: \u00abHoy est\u00e1 la oportunidad de trabajar en este proyecto y yo invito a todos mis compa\u00f1eros de los otros municipios para unirse al fortalecimiento de este proyecto y como dec\u00eda nuestro presidente Daniel Campos ir fortaleciendonos, pero no en beneficio de nosotros, si no del pueblo de Guerrero\u00bb refiri\u00f3.<br \/>\nM\u00e1s tarde, en el Sal\u00f3n \u00c1mbar, ante cientos de militantes, la dirigencia estatal, encabezada por su presidente, tom\u00f3 protesta a los coordinadores de la Zona Centro: de Ahuacotzingo, Israel Campos Caravallido; Chilapa de \u00c1lvarez, Rutilo Chino Jim\u00e9nez; Chilpancingo, Dayra Hern\u00e1ndez Barcenas y en Eduardo Neri &#8211; Juan Morales.<br \/>\nMientras que en Heliodoro Castillo -Gaudencio Sanch\u00e9z Adame; Juan R. Escudero &#8211; Ricardo Nava Rosas; Leonardo Bravo &#8211; Alejandro Romero Adame; M\u00e1rtir de Culiapan -Francisca Hizoteco; Mochitl\u00e1n &#8211; Gregoria Romero Gomez; Quechultenango &#8211; Pedro Campos Gonz\u00e1lez.<br \/>\nAs\u00ed como en Tixtla el coordinador es V\u00edctor Bartolo y Zitlal\u00e1 &#8211; Benito Marianito Tecorral.<\/p>\n","protected":false},"excerpt":{"rendered":"<p>Renunciar\u00e1 PSG a 50% de prerrogativas para donarlo a la reconstrucci\u00f3n de Guerrero: Daniel Campos Convencidos de que este es el proyecto pol\u00edtico que representa a las verdaderas causas sociales,&hellip; <\/p>\n","protected":false},"author":1,"featured_media":0,"comment_status":"closed","ping_status":"closed","sticky":false,"template":"","format":"standard","meta":{"fifu_image_url":"","fifu_image_alt":"","footnotes":""},"categories":[8,18],"tags":[],"class_list":["post-8768","post","type-post","status-publish","format-standard","hentry","category-featured","category-partidos-politicos"],"_links":{"self":[{"href":"https:\/\/www.interaccionnoticias.com.mx\/index.php?rest_route=\/wp\/v2\/posts\/8768","targetHints":{"allow":["GET"]}}],"collection":[{"href":"https:\/\/www.interaccionnoticias.com.mx\/index.php?rest_route=\/wp\/v2\/posts"}],"about":[{"href":"https:\/\/www.interaccionnoticias.com.mx\/index.php?rest_route=\/wp\/v2\/types\/post"}],"author":[{"embeddable":true,"href":"https:\/\/www.interaccionnoticias.com.mx\/index.php?rest_route=\/wp\/v2\/users\/1"}],"replies":[{"embeddable":true,"href":"https:\/\/www.interaccionnoticias.com.mx\/index.php?rest_route=%2Fwp%2Fv2%2Fcomments&post=8768"}],"version-history":[{"count":0,"href":"https:\/\/www.interaccionnoticias.com.mx\/index.php?rest_route=\/wp\/v2\/posts\/8768\/revisions"}],"wp:attachment":[{"href":"https:\/\/www.interaccionnoticias.com.mx\/index.php?rest_route=%2Fwp%2Fv2%2Fmedia&parent=8768"}],"wp:term":[{"taxonomy":"category","embeddable":true,"href":"https:\/\/www.interaccionnoticias.com.mx\/index.php?rest_route=%2Fwp%2Fv2%2Fcategories&post=8768"},{"taxonomy":"post_tag","embeddable":true,"href":"https:\/\/www.interaccionnoticias.com.mx\/index.php?rest_route=%2Fwp%2Fv2%2Ftags&post=8768"}],"curies":[{"name":"wp","href":"https:\/\/api.w.org\/{rel}","templated":true}]}}