{"id":8765,"date":"2017-10-01T19:55:14","date_gmt":"2017-10-02T00:55:14","guid":{"rendered":"http:\/\/www.inter-accion.com.mx\/?p=8765"},"modified":"2017-10-01T19:55:14","modified_gmt":"2017-10-02T00:55:14","slug":"alerta-por-la-recta-final-de-la-temporada-de-lluvias","status":"publish","type":"post","link":"https:\/\/www.interaccionnoticias.com.mx\/?p=8765","title":{"rendered":"Alerta, por la recta final de la temporada de lluvias"},"content":{"rendered":"<p><strong>Generaron da\u00f1os, las precipitaciones del fin de semana<\/strong><br \/>\nEl titular de la Secretar\u00eda de Protecci\u00f3n Civil del gobierno estatal, Marco C\u00e9sar Mayares Salvador advirti\u00f3 que las dos primeras semanas de octubre constituyen la recta final de la temporada de lluvias, por lo que pueden ser los 15 d\u00edas m\u00e1s complicados del a\u00f1o.<br \/>\nEn Chilpancingo, el funcionario record\u00f3 que es en octubre cuando se han registrado fen\u00f3menos meteorol\u00f3gicos que provocan mucha devastaci\u00f3n para la entidad, entre ellos record\u00f3 el caso del hurac\u00e1n Paulina, en 1997.&nbsp;&nbsp;&nbsp;&nbsp;<br \/>\nSolo el viernes 29 de septiembre, las precipitaciones provocadas por el frente fr\u00edo n\u00famero tres derivaron en&nbsp;&nbsp;grandes encharcamientos, principalmente en la zona del Congreso local y en las inmediaciones de las colonias Galeana, Villa Laurel, PPS y H\u00e9roes de Guerrero, entre otras.<br \/>\nEn la Barranca del Tule se registr\u00f3 un nuevo deslizamiento de tierra, lo que amerit\u00f3 que se desalojaran a tres familias m\u00e1s, por lo que ya son 20 las que se encuentran en el refugio temporal del Sindicato Unico de Servidores P\u00fablicos del Estado de Guerrero (SUSPEG).<br \/>\nEn la colonia Emiliano Zapata se cay\u00f3 un \u00e1rbol, en la carretera federa M\u00e9xico-Acapulco, en el punto conocido como \u201cEl Platanal\u201d hubo un derrumbe y en las colonias Infonavit, Ruffo Figueroa, Agua Potable y Martelas de Taxco de Alarc\u00f3n tambi\u00e9n hubo alertas por el rodamiento de piedras.<br \/>\nMayares Salvador advirti\u00f3 que las primeras dos semanas de octubre&nbsp;&nbsp;cada a\u00f1o son complicadas en materia de lluvias, para ese tiempo, la mayor\u00eda de los cerros ya est\u00e1n saturados de agua y son muy probables los reblandecimientos.<br \/>\nPor esa raz\u00f3n pidi\u00f3 a la ciudadan\u00eda mantenerse alertas, para evitar ser v\u00edctimas de una contingencia natural.<br \/>\n&nbsp;&nbsp;&nbsp;&nbsp;<\/p>\n","protected":false},"excerpt":{"rendered":"<p>Generaron da\u00f1os, las precipitaciones del fin de semana El titular de la Secretar\u00eda de Protecci\u00f3n Civil del gobierno estatal, Marco C\u00e9sar Mayares Salvador advirti\u00f3 que las dos primeras semanas de&hellip; <\/p>\n","protected":false},"author":1,"featured_media":0,"comment_status":"closed","ping_status":"closed","sticky":false,"template":"","format":"standard","meta":{"fifu_image_url":"","fifu_image_alt":"","footnotes":""},"categories":[8,23],"tags":[],"class_list":["post-8765","post","type-post","status-publish","format-standard","hentry","category-featured","category-regionales"],"_links":{"self":[{"href":"https:\/\/www.interaccionnoticias.com.mx\/index.php?rest_route=\/wp\/v2\/posts\/8765","targetHints":{"allow":["GET"]}}],"collection":[{"href":"https:\/\/www.interaccionnoticias.com.mx\/index.php?rest_route=\/wp\/v2\/posts"}],"about":[{"href":"https:\/\/www.interaccionnoticias.com.mx\/index.php?rest_route=\/wp\/v2\/types\/post"}],"author":[{"embeddable":true,"href":"https:\/\/www.interaccionnoticias.com.mx\/index.php?rest_route=\/wp\/v2\/users\/1"}],"replies":[{"embeddable":true,"href":"https:\/\/www.interaccionnoticias.com.mx\/index.php?rest_route=%2Fwp%2Fv2%2Fcomments&post=8765"}],"version-history":[{"count":0,"href":"https:\/\/www.interaccionnoticias.com.mx\/index.php?rest_route=\/wp\/v2\/posts\/8765\/revisions"}],"wp:attachment":[{"href":"https:\/\/www.interaccionnoticias.com.mx\/index.php?rest_route=%2Fwp%2Fv2%2Fmedia&parent=8765"}],"wp:term":[{"taxonomy":"category","embeddable":true,"href":"https:\/\/www.interaccionnoticias.com.mx\/index.php?rest_route=%2Fwp%2Fv2%2Fcategories&post=8765"},{"taxonomy":"post_tag","embeddable":true,"href":"https:\/\/www.interaccionnoticias.com.mx\/index.php?rest_route=%2Fwp%2Fv2%2Ftags&post=8765"}],"curies":[{"name":"wp","href":"https:\/\/api.w.org\/{rel}","templated":true}]}}