{"id":87647,"date":"2025-02-14T18:36:14","date_gmt":"2025-02-15T00:36:14","guid":{"rendered":"https:\/\/www.interaccionnoticias.com.mx\/?p=87647"},"modified":"2025-02-14T18:36:16","modified_gmt":"2025-02-15T00:36:16","slug":"congreso-de-guerrero-con-disposicion-para-retomar-el-tema-de-la-ley-de-desaparicion-de-personas","status":"publish","type":"post","link":"https:\/\/www.interaccionnoticias.com.mx\/?p=87647","title":{"rendered":"Congreso de Guerrero, con disposici\u00f3n para retomar el tema de la Ley de Desaparici\u00f3n de Personas"},"content":{"rendered":"\n<p><strong><em>&#8212; El presidente de la JUCOPO, Jes\u00fas Uri\u00f3stegui Garc\u00eda sostuvo que se busca el acercamiento con los colectivos de familiares de v\u00edctimas de desaparici\u00f3n para analizar la propuesta<\/em><\/strong><\/p>\n\n\n\n<p><strong>Rosario Garc\u00eda Orozco<\/strong><\/p>\n\n\n\n<p>Luego de que integrantes de colectivos de familiares de personas desaparecidas, han urgido la aprobaci\u00f3n de la Ley de Desaparici\u00f3n de personas, el presidente de la Junta de Coordinaci\u00f3n Pol\u00edtica (Jucopo), Jes\u00fas Uri\u00f3stegui Garc\u00eda asegur\u00f3 que en el Congreso Local hay total disposici\u00f3n para aprobar esa Ley.<\/p>\n\n\n\n<p>Dijo que no solo se trata de plasmar un ordenamiento en papel, sino que se tiene que traducir en temas viables y transitables, por lo que buscar\u00e1n un acercamiento con los colectivos de v\u00edctimas para retomar la propuesta que en su momento present\u00f3 la Legislatura pasada.<\/p>\n\n\n\n<p>\u201cDe nuestra parte toda la disposici\u00f3n y toda el respaldo para poderlo llevar a cabo, hay absoluta disponibilidad, estamos pactando una mesa de trabajo con los colectivos de nueva cuenta, la intenci\u00f3n es construirla, son temas que tiene que ser totalmente viables y transitables, no pueden ser temas que solamente queden en papel\u201d, insisti\u00f3.<\/p>\n\n\n\n<p>El legislador coment\u00f3 que en estas mesas de trabajo tambi\u00e9n est\u00e1n incorporando a representantes del gobierno del estado, ya que son las autoridades que dirigir\u00e1n los esfuerzos en materia de b\u00fasqueda de personas.<\/p>\n\n\n\n<p>Explic\u00f3 que en este momento se encuentran en la revisi\u00f3n de los procesos como el registro de desaparecidos y el resguardo de objetos, \u201ces un asunto complejo que no significa un tema menor\u201d.<\/p>\n\n\n\n<p>Uri\u00f3stegui Garc\u00eda coment\u00f3 que el di\u00e1logo que hasta ahora han establecido con los colectivos es la coyuntura y los elementos a trav\u00e9s de los cuales se puedan aterrizar las ideas y se puedan poner en marcha, record\u00f3 que hay una propuesta desde la Legislatura pasada, y ahora se est\u00e1 retomando, \u201cy con toda la voluntad de hacerlo\u201d.<\/p>\n\n\n\n<p>Recientemente, integrantes de colectivos de v\u00edctimas de ese delito urgieron que se apruebe la Ley de Desaparici\u00f3n de Personas, y se quejaron de que no cuentan con apoyos de parte de las autoridades, adem\u00e1s de que el nulo el trabajo de b\u00fasqueda que realizan las autoridades y ahora son los familiares quienes lo realizan.<\/p>\n\n\n\n<p>El anteproyecto de la Ley de Desaparici\u00f3n de Personas, fue presentado en el Congreso Local en agosto del 2022, dicha propuesta fue integrada con propuestas de colectivos y familiares de las v\u00edctimas, pero no se aprob\u00f3.<\/p>\n","protected":false},"excerpt":{"rendered":"<p>&#8212; El presidente de la JUCOPO, Jes\u00fas Uri\u00f3stegui Garc\u00eda sostuvo que se busca el acercamiento con los colectivos de familiares de v\u00edctimas de desaparici\u00f3n para analizar la propuesta Rosario Garc\u00eda&hellip; <\/p>\n","protected":false},"author":14,"featured_media":87648,"comment_status":"open","ping_status":"open","sticky":false,"template":"","format":"standard","meta":{"fifu_image_url":"","fifu_image_alt":"","footnotes":""},"categories":[2],"tags":[],"class_list":["post-87647","post","type-post","status-publish","format-standard","has-post-thumbnail","hentry","category-congreso"],"_links":{"self":[{"href":"https:\/\/www.interaccionnoticias.com.mx\/index.php?rest_route=\/wp\/v2\/posts\/87647","targetHints":{"allow":["GET"]}}],"collection":[{"href":"https:\/\/www.interaccionnoticias.com.mx\/index.php?rest_route=\/wp\/v2\/posts"}],"about":[{"href":"https:\/\/www.interaccionnoticias.com.mx\/index.php?rest_route=\/wp\/v2\/types\/post"}],"author":[{"embeddable":true,"href":"https:\/\/www.interaccionnoticias.com.mx\/index.php?rest_route=\/wp\/v2\/users\/14"}],"replies":[{"embeddable":true,"href":"https:\/\/www.interaccionnoticias.com.mx\/index.php?rest_route=%2Fwp%2Fv2%2Fcomments&post=87647"}],"version-history":[{"count":1,"href":"https:\/\/www.interaccionnoticias.com.mx\/index.php?rest_route=\/wp\/v2\/posts\/87647\/revisions"}],"predecessor-version":[{"id":87649,"href":"https:\/\/www.interaccionnoticias.com.mx\/index.php?rest_route=\/wp\/v2\/posts\/87647\/revisions\/87649"}],"wp:featuredmedia":[{"embeddable":true,"href":"https:\/\/www.interaccionnoticias.com.mx\/index.php?rest_route=\/wp\/v2\/media\/87648"}],"wp:attachment":[{"href":"https:\/\/www.interaccionnoticias.com.mx\/index.php?rest_route=%2Fwp%2Fv2%2Fmedia&parent=87647"}],"wp:term":[{"taxonomy":"category","embeddable":true,"href":"https:\/\/www.interaccionnoticias.com.mx\/index.php?rest_route=%2Fwp%2Fv2%2Fcategories&post=87647"},{"taxonomy":"post_tag","embeddable":true,"href":"https:\/\/www.interaccionnoticias.com.mx\/index.php?rest_route=%2Fwp%2Fv2%2Ftags&post=87647"}],"curies":[{"name":"wp","href":"https:\/\/api.w.org\/{rel}","templated":true}]}}