{"id":87644,"date":"2025-02-14T18:04:12","date_gmt":"2025-02-15T00:04:12","guid":{"rendered":"https:\/\/www.interaccionnoticias.com.mx\/?p=87644"},"modified":"2025-02-14T18:04:15","modified_gmt":"2025-02-15T00:04:15","slug":"reconoce-secretario-de-finanzas-retraso-en-la-entrega-de-placas-para-vehiculos","status":"publish","type":"post","link":"https:\/\/www.interaccionnoticias.com.mx\/?p=87644","title":{"rendered":"Reconoce secretario de Finanzas retraso en la entrega de placas para veh\u00edculos"},"content":{"rendered":"\n<p><strong><em>&#8212; Tras el ajuste presupuestal de mil 700 millones de pesos, se prioriza la atenci\u00f3n de educaci\u00f3n, salud y seguridad<\/em><\/strong><\/p>\n\n\n\n<p><strong>Rosario Garc\u00eda Orozco<\/strong><\/p>\n\n\n\n<p>El Secretario de Finanzas del gobierno estatal, Raymundo Segura Estrada reconoci\u00f3 el retraso en la entrega de placas para veh\u00edculos, por parte de la empresa que fue contratada por el gobierno del estado.<\/p>\n\n\n\n<p>Lament\u00f3 los inconvenientes que representa para los propietarios de veh\u00edculos esa situaci\u00f3n, y por el contrario, reconoci\u00f3 la \u00abbuena respuesta\u00bb de los usuarios, para el pago de la tenencia vehicular y el cambio de placas, sin embargo, la renovaci\u00f3n no ha sido posible, porque la empresa contratada \u00abnos ha quedado mal\u00bb.<\/p>\n\n\n\n<p>El funcionario estatal omiti\u00f3 dar el nombre de la empresa contratada, pero asegur\u00f3 que fue previa licitaci\u00f3n por parte del gobierno estatal; \u00ablamentablemente el proveedor que nos va a elaborar las placas se ha retrasado; aunque la respuesta por parte del p\u00fablico es favorable en el pago de la tenencia \u00ab.<\/p>\n\n\n\n<p>Dijo desconocer la causa del retraso en la entrega de las placas, porque el procedimiento lo lleva a cabo la Ofic\u00eda Mayor del gobierno estatal; sin embargo, confi\u00f3 que para finales del mes de febrero, la empresa, haya cumplido con el compromiso, y se pueda hacer entrega de las placas.<\/p>\n\n\n\n<p>Por otro lado, Segura Estrada coment\u00f3 que a pesar del ajuste presupuestal de mil 700 millones de pesos, aplicado en la c\u00e1mara de Diputados previa aprobaci\u00f3n del presupuesto para Guerrero, se prioriza la inversi\u00f3n en materia de seguridad, salud y educaci\u00f3n.<\/p>\n\n\n\n<p>\u201cEstamos atendiendo tres temas importantes que con educacion, seguridad y salud, y logicamente, como lo ha mencionado la gobernadora Evelyn Salgado Pineda, este a\u00f1o es el a\u00f1o de las obras, que beneficien a todos los habitantes del estado de Guerrero.<\/p>\n","protected":false},"excerpt":{"rendered":"<p>&#8212; Tras el ajuste presupuestal de mil 700 millones de pesos, se prioriza la atenci\u00f3n de educaci\u00f3n, salud y seguridad Rosario Garc\u00eda Orozco El Secretario de Finanzas del gobierno estatal,&hellip; <\/p>\n","protected":false},"author":14,"featured_media":87645,"comment_status":"open","ping_status":"open","sticky":false,"template":"","format":"standard","meta":{"fifu_image_url":"","fifu_image_alt":"","footnotes":""},"categories":[11],"tags":[],"class_list":["post-87644","post","type-post","status-publish","format-standard","has-post-thumbnail","hentry","category-guerrero"],"_links":{"self":[{"href":"https:\/\/www.interaccionnoticias.com.mx\/index.php?rest_route=\/wp\/v2\/posts\/87644","targetHints":{"allow":["GET"]}}],"collection":[{"href":"https:\/\/www.interaccionnoticias.com.mx\/index.php?rest_route=\/wp\/v2\/posts"}],"about":[{"href":"https:\/\/www.interaccionnoticias.com.mx\/index.php?rest_route=\/wp\/v2\/types\/post"}],"author":[{"embeddable":true,"href":"https:\/\/www.interaccionnoticias.com.mx\/index.php?rest_route=\/wp\/v2\/users\/14"}],"replies":[{"embeddable":true,"href":"https:\/\/www.interaccionnoticias.com.mx\/index.php?rest_route=%2Fwp%2Fv2%2Fcomments&post=87644"}],"version-history":[{"count":1,"href":"https:\/\/www.interaccionnoticias.com.mx\/index.php?rest_route=\/wp\/v2\/posts\/87644\/revisions"}],"predecessor-version":[{"id":87646,"href":"https:\/\/www.interaccionnoticias.com.mx\/index.php?rest_route=\/wp\/v2\/posts\/87644\/revisions\/87646"}],"wp:featuredmedia":[{"embeddable":true,"href":"https:\/\/www.interaccionnoticias.com.mx\/index.php?rest_route=\/wp\/v2\/media\/87645"}],"wp:attachment":[{"href":"https:\/\/www.interaccionnoticias.com.mx\/index.php?rest_route=%2Fwp%2Fv2%2Fmedia&parent=87644"}],"wp:term":[{"taxonomy":"category","embeddable":true,"href":"https:\/\/www.interaccionnoticias.com.mx\/index.php?rest_route=%2Fwp%2Fv2%2Fcategories&post=87644"},{"taxonomy":"post_tag","embeddable":true,"href":"https:\/\/www.interaccionnoticias.com.mx\/index.php?rest_route=%2Fwp%2Fv2%2Ftags&post=87644"}],"curies":[{"name":"wp","href":"https:\/\/api.w.org\/{rel}","templated":true}]}}