{"id":87635,"date":"2025-02-14T16:17:59","date_gmt":"2025-02-14T22:17:59","guid":{"rendered":"https:\/\/www.interaccionnoticias.com.mx\/?p=87635"},"modified":"2025-02-14T16:18:02","modified_gmt":"2025-02-14T22:18:02","slug":"coparmex-anuncio-procedimientos-legales-para-dar-marcha-atras-a-la-reforma-a-la-ley-del-infonavit","status":"publish","type":"post","link":"https:\/\/www.interaccionnoticias.com.mx\/?p=87635","title":{"rendered":"Coparmex anunci\u00f3 procedimientos legales, para dar marcha atr\u00e1s a la reforma a la Ley del Infonavit"},"content":{"rendered":"\n<p><strong><em>&#8212; El presidente nacional de esa c\u00e1mara empresarial, Juan Jos\u00e9 Sierra, consider\u00f3 que esa reforma pone en riesgo los ahorros de los trabajadores<\/em><\/strong><\/p>\n\n\n\n<p><strong>Rosario Garc\u00eda Orozco<\/strong><\/p>\n\n\n\n<p>El dirigente nacional de la Confederaci\u00f3n Patronal de la Rep\u00fablica Mexicana (Coparmex), Juan Jos\u00e9 Sierra \u00c1lvarez anunci\u00f3 el inicio de procedimientos legales, para buscar revertir la reforma a la Ley general del Instituto del Fondo Nacional de la Vivienda para los Trabajadores (Infonavit), que fue aprobada por el Senado de la Rep\u00fablica.<\/p>\n\n\n\n<p>Al acudir a la toma de protesta del nuevo dirigente local de Coparmex en Chilpancingo, Marco Antonio Rodr\u00edguez Canacasco, el l\u00edder nacional del empresariado, dijo que esa determinaci\u00f3n del gobierno de M\u00e9xico y del Congreso Federal, pone en riesgo los ahorros de los trabajadores.<\/p>\n\n\n\n<p>Lament\u00f3 que en este tema se ha \u00abimpuesto una visi\u00f3n unilateral que debilita la representaci\u00f3n de los sectores productivos, del pa\u00eds, y abre la puerta a decisiones discrecionales, pero adem\u00e1s opaca\u00bb en el uso de las aportaciones obreras.<\/p>\n\n\n\n<p>Este jueves la c\u00e1mara de Senadores, aprob\u00f3 las reformas a la Ley Infonavit y la Ley Federal del Trabajo, en materia de vivienda con orientaci\u00f3n social; esa reforma, insisti\u00f3 el dirigente nacional de Coparmex, afecta a los trabajadores.<\/p>\n\n\n\n<p>Advirti\u00f3 que en Coparmex \u00abno nos quedaremos de brazos cruzados, defenderemos los derechos de los trabajadores, a una administraci\u00f3n transparente y eficiente de los recursos\u00bb, y sentenci\u00f3 que los empresarios mexicanos \u00abseguiremos alzando la voz en todos los espacios posibles\u00bb.<\/p>\n\n\n\n<p>Para ello, dijo: \u00abutilizaremos todas las herramientas legales, para revertir esa reforma\u00bb.<\/p>\n\n\n\n<p>Agreg\u00f3 que M\u00e9xico necesita certidumbre, seguridad, respeto al estado de derecho, condiciones favorables para la inversi\u00f3n y una pol\u00edtica energ\u00e9tica moderna, \u00abcada uno de esos temas es esencial para las empresas, para el empleo y la calidad de vida de todos los ciudadanos.<\/p>\n\n\n\n<p>Mencion\u00f3 que la seguridad es tema que no se puede seguir postergando en el pa\u00eds, \u00abla violencia y la delincuencia afectan a los empresarios, trabajadores y familias por igual, no podemos normalizar la seguridad ni tolerar la impunidad, desde Coparmex seguiremos impulsando una agenda nacional de paz, promoviendo la colaboraci\u00f3n entre sociedad civil, sector privado y gobierno\u00bb.<\/p>\n\n\n\n<p>Sierra \u00c1lvarez enfatiz\u00f3 que la C\u00e1mara empresarial rechaza cualquier intento de debilitar la independencia judicial y de poner en riesgo la estabilidad del pa\u00eds, \u00abdefenderemos siempre la legalidad como pilar fundamental de nuestra democracia y de nuestra econom\u00eda\u00bb.<\/p>\n","protected":false},"excerpt":{"rendered":"<p>&#8212; El presidente nacional de esa c\u00e1mara empresarial, Juan Jos\u00e9 Sierra, consider\u00f3 que esa reforma pone en riesgo los ahorros de los trabajadores Rosario Garc\u00eda Orozco El dirigente nacional de&hellip; <\/p>\n","protected":false},"author":14,"featured_media":87636,"comment_status":"open","ping_status":"open","sticky":false,"template":"","format":"standard","meta":{"fifu_image_url":"","fifu_image_alt":"","footnotes":""},"categories":[11],"tags":[],"class_list":["post-87635","post","type-post","status-publish","format-standard","has-post-thumbnail","hentry","category-guerrero"],"_links":{"self":[{"href":"https:\/\/www.interaccionnoticias.com.mx\/index.php?rest_route=\/wp\/v2\/posts\/87635","targetHints":{"allow":["GET"]}}],"collection":[{"href":"https:\/\/www.interaccionnoticias.com.mx\/index.php?rest_route=\/wp\/v2\/posts"}],"about":[{"href":"https:\/\/www.interaccionnoticias.com.mx\/index.php?rest_route=\/wp\/v2\/types\/post"}],"author":[{"embeddable":true,"href":"https:\/\/www.interaccionnoticias.com.mx\/index.php?rest_route=\/wp\/v2\/users\/14"}],"replies":[{"embeddable":true,"href":"https:\/\/www.interaccionnoticias.com.mx\/index.php?rest_route=%2Fwp%2Fv2%2Fcomments&post=87635"}],"version-history":[{"count":1,"href":"https:\/\/www.interaccionnoticias.com.mx\/index.php?rest_route=\/wp\/v2\/posts\/87635\/revisions"}],"predecessor-version":[{"id":87637,"href":"https:\/\/www.interaccionnoticias.com.mx\/index.php?rest_route=\/wp\/v2\/posts\/87635\/revisions\/87637"}],"wp:featuredmedia":[{"embeddable":true,"href":"https:\/\/www.interaccionnoticias.com.mx\/index.php?rest_route=\/wp\/v2\/media\/87636"}],"wp:attachment":[{"href":"https:\/\/www.interaccionnoticias.com.mx\/index.php?rest_route=%2Fwp%2Fv2%2Fmedia&parent=87635"}],"wp:term":[{"taxonomy":"category","embeddable":true,"href":"https:\/\/www.interaccionnoticias.com.mx\/index.php?rest_route=%2Fwp%2Fv2%2Fcategories&post=87635"},{"taxonomy":"post_tag","embeddable":true,"href":"https:\/\/www.interaccionnoticias.com.mx\/index.php?rest_route=%2Fwp%2Fv2%2Ftags&post=87635"}],"curies":[{"name":"wp","href":"https:\/\/api.w.org\/{rel}","templated":true}]}}