{"id":87611,"date":"2025-02-14T11:37:41","date_gmt":"2025-02-14T17:37:41","guid":{"rendered":"https:\/\/www.interaccionnoticias.com.mx\/?p=87611"},"modified":"2025-02-14T11:37:43","modified_gmt":"2025-02-14T17:37:43","slug":"rechaza-gobierno-de-guerrero-intento-por-elevar-las-tarifas-del-transporte-publico","status":"publish","type":"post","link":"https:\/\/www.interaccionnoticias.com.mx\/?p=87611","title":{"rendered":"Rechaza Gobierno de Guerrero intento por elevar las tarifas del transporte p\u00fablico"},"content":{"rendered":"\n<p><strong><em>&#8212; Pese a la presi\u00f3n ejercida en el puerto de Acapulco<\/em><\/strong><\/p>\n\n\n\n<p><strong>Rogelio Agust\u00edn<\/strong><\/p>\n\n\n\n<p>El subsecretario de Desarrollo Pol\u00edtico del Gobierno de Guerrero, Francisco Rodr\u00edguez Cisneros reiter\u00f3 en estos momento no est\u00e1 considerado autorizar el incremento en las tarifas del transporte p\u00fablico en ning\u00fan municipio de la entidad.<\/p>\n\n\n\n<p>En el inicio de la semana, transportistas de cuatro rutas del servicio p\u00fablico del puerto de Acapulco pararon sus actividades para ejercer presi\u00f3n hacia la administraci\u00f3n estatal, con la intenci\u00f3n de pedir que se incrementen las tarifas que actualmente cobran, argumentando entre otras cosas los altos costos de los insumos y el combustible.<\/p>\n\n\n\n<p>Sin embargo, el subsecretario de Desarrollo Pol\u00edtico record\u00f3 que en 2023 ya hubo un incremento tarifario, de tal manera que en estos momentos, la gobernadora Evelyn Salgado Pineda no ha dado ninguna indicaci\u00f3n que vaya en ese sentido.<\/p>\n\n\n\n<p>Bajo dicha circunstancia, Rodr\u00edguez Cisneros manifest\u00f3 que hay disposici\u00f3n para dialogar con los trabajadores y l\u00edderes del transporte p\u00fablico, pero con la certeza de que no existen condiciones para avalar un alza en las tarifas que se cobran a los usuarios.<\/p>\n","protected":false},"excerpt":{"rendered":"<p>&#8212; Pese a la presi\u00f3n ejercida en el puerto de Acapulco Rogelio Agust\u00edn El subsecretario de Desarrollo Pol\u00edtico del Gobierno de Guerrero, Francisco Rodr\u00edguez Cisneros reiter\u00f3 en estos momento no&hellip; <\/p>\n","protected":false},"author":21,"featured_media":87612,"comment_status":"open","ping_status":"open","sticky":false,"template":"","format":"standard","meta":{"fifu_image_url":"","fifu_image_alt":"","footnotes":""},"categories":[11],"tags":[],"class_list":["post-87611","post","type-post","status-publish","format-standard","has-post-thumbnail","hentry","category-guerrero"],"_links":{"self":[{"href":"https:\/\/www.interaccionnoticias.com.mx\/index.php?rest_route=\/wp\/v2\/posts\/87611","targetHints":{"allow":["GET"]}}],"collection":[{"href":"https:\/\/www.interaccionnoticias.com.mx\/index.php?rest_route=\/wp\/v2\/posts"}],"about":[{"href":"https:\/\/www.interaccionnoticias.com.mx\/index.php?rest_route=\/wp\/v2\/types\/post"}],"author":[{"embeddable":true,"href":"https:\/\/www.interaccionnoticias.com.mx\/index.php?rest_route=\/wp\/v2\/users\/21"}],"replies":[{"embeddable":true,"href":"https:\/\/www.interaccionnoticias.com.mx\/index.php?rest_route=%2Fwp%2Fv2%2Fcomments&post=87611"}],"version-history":[{"count":1,"href":"https:\/\/www.interaccionnoticias.com.mx\/index.php?rest_route=\/wp\/v2\/posts\/87611\/revisions"}],"predecessor-version":[{"id":87613,"href":"https:\/\/www.interaccionnoticias.com.mx\/index.php?rest_route=\/wp\/v2\/posts\/87611\/revisions\/87613"}],"wp:featuredmedia":[{"embeddable":true,"href":"https:\/\/www.interaccionnoticias.com.mx\/index.php?rest_route=\/wp\/v2\/media\/87612"}],"wp:attachment":[{"href":"https:\/\/www.interaccionnoticias.com.mx\/index.php?rest_route=%2Fwp%2Fv2%2Fmedia&parent=87611"}],"wp:term":[{"taxonomy":"category","embeddable":true,"href":"https:\/\/www.interaccionnoticias.com.mx\/index.php?rest_route=%2Fwp%2Fv2%2Fcategories&post=87611"},{"taxonomy":"post_tag","embeddable":true,"href":"https:\/\/www.interaccionnoticias.com.mx\/index.php?rest_route=%2Fwp%2Fv2%2Ftags&post=87611"}],"curies":[{"name":"wp","href":"https:\/\/api.w.org\/{rel}","templated":true}]}}