{"id":87608,"date":"2025-02-13T21:47:44","date_gmt":"2025-02-14T03:47:44","guid":{"rendered":"https:\/\/www.interaccionnoticias.com.mx\/?p=87608"},"modified":"2025-02-13T21:47:46","modified_gmt":"2025-02-14T03:47:46","slug":"confia-coparmex-nacional-que-la-imposicion-del-25-de-arenceles-no-se-concrete","status":"publish","type":"post","link":"https:\/\/www.interaccionnoticias.com.mx\/?p=87608","title":{"rendered":"Conf\u00eda Coparmex Nacional que la imposici\u00f3n del 25% de arenceles, no se concrete"},"content":{"rendered":"\n<p><strong><em>&#8212; M\u00e9xico caer\u00eda en una dif\u00edcil recesi\u00f3n econ\u00f3mica<\/em><\/strong><\/p>\n\n\n\n<p><strong>Rosario Garc\u00eda Orozco<\/strong><\/p>\n\n\n\n<p>El presidente nacional de la Confederaci\u00f3n de la Rep\u00fablica Mexicana (Coparmex), Juan Jos\u00e9 Sierra \u00c1lvarez, confi\u00f3 en que la aplicaci\u00f3n de aranceles del 25 por ciento por parte del gobierno de Estados Unidos, a los productos mexicanos, no se concreten o M\u00e9xico caer\u00e1 en una grave recesi\u00f3n econ\u00f3mica.<\/p>\n\n\n\n<p>El dirigente nacional, en conferencia de prensa, expres\u00f3 su rechazo a la amenaza de la imposici\u00f3n del 25 por ciento de aranceles a los productos mexicanos, por el gobierno de Estados Unidos, y conf\u00edo en que no se convvierta en una realidad.<\/p>\n\n\n\n<p>El l\u00edder empresarial acudi\u00f3 a Chilpancingo para tomar protesta al nuevo dirigente local de la organizaci\u00f3n, Marco Antonio Rodr\u00edguez Canacasco.<\/p>\n\n\n\n<p>Asegur\u00f3 que el sector se pronuncia por el respeto a las reglas claras, establecidas en el Tratado de Libre Comercio, entre M\u00e9xico-Estados Unidos-Canad\u00e1.<\/p>\n\n\n\n<p>Consider\u00f3 necesario que el gobierno mexicano atienda estrat\u00e9gicamente los intereses planteados por Estados Unidos. \u00abPorque sabemos lo que le interesa a Estados Unidos, que son: el tr\u00e1fico de drogas, el fentanilo, la relaci\u00f3n comercial con China y la migraci\u00f3n\u00bb.<\/p>\n\n\n\n<p>Insisti\u00f3 en que de concretarse la aplicaci\u00f3n del 25 por ciento de aranceles a los productos mexicanos que se exportan a Estados Unidos, M\u00e9xico caer\u00e1 en una \u00abdif\u00edcil situaci\u00f3n de recesi\u00f3n econ\u00f3mica, eso est\u00e1 clar\u00edsimo, por supuesto, ojal\u00e1 no suceda\u00bb.<\/p>\n\n\n\n<p>Comento que los empresarios mexicanos \u00abrechazamos estas amenazas de imposiciones unilaterales, porque existe un Tratado de Libre Comercio, Estados Unidos, M\u00e9xico y Canad\u00e1, con reglas muy claras, y con paneles de controversias, con beneficios para los tres pa\u00edses, y que en este caso una imposici\u00f3n de arancel se rompe\u00bb.<\/p>\n\n\n\n<p>Sierra \u00c1lvarez tambi\u00e9n inform\u00f3 que el sector empresarial cuenta con una bolsa de 50 mil empleos para los migrantes, deportados de Estados Unidos, pese a que el procedimiento, hasta el momento no ha sido masivo, por parte del gobierno norteamericano.<\/p>\n\n\n\n<p>M\u00e9xico cuenta con espacios para colocar a los connacionales deportados, dijo el l\u00edder nacional de COPARMEX, debido a una oferta laboral de 1.4 por ciento que no est\u00e1 cubierta, especialmente en el ramo tur\u00edstico.<\/p>\n","protected":false},"excerpt":{"rendered":"<p>&#8212; M\u00e9xico caer\u00eda en una dif\u00edcil recesi\u00f3n econ\u00f3mica Rosario Garc\u00eda Orozco El presidente nacional de la Confederaci\u00f3n de la Rep\u00fablica Mexicana (Coparmex), Juan Jos\u00e9 Sierra \u00c1lvarez, confi\u00f3 en que la&hellip; <\/p>\n","protected":false},"author":14,"featured_media":87609,"comment_status":"open","ping_status":"open","sticky":false,"template":"","format":"standard","meta":{"fifu_image_url":"","fifu_image_alt":"","footnotes":""},"categories":[11],"tags":[],"class_list":["post-87608","post","type-post","status-publish","format-standard","has-post-thumbnail","hentry","category-guerrero"],"_links":{"self":[{"href":"https:\/\/www.interaccionnoticias.com.mx\/index.php?rest_route=\/wp\/v2\/posts\/87608","targetHints":{"allow":["GET"]}}],"collection":[{"href":"https:\/\/www.interaccionnoticias.com.mx\/index.php?rest_route=\/wp\/v2\/posts"}],"about":[{"href":"https:\/\/www.interaccionnoticias.com.mx\/index.php?rest_route=\/wp\/v2\/types\/post"}],"author":[{"embeddable":true,"href":"https:\/\/www.interaccionnoticias.com.mx\/index.php?rest_route=\/wp\/v2\/users\/14"}],"replies":[{"embeddable":true,"href":"https:\/\/www.interaccionnoticias.com.mx\/index.php?rest_route=%2Fwp%2Fv2%2Fcomments&post=87608"}],"version-history":[{"count":1,"href":"https:\/\/www.interaccionnoticias.com.mx\/index.php?rest_route=\/wp\/v2\/posts\/87608\/revisions"}],"predecessor-version":[{"id":87610,"href":"https:\/\/www.interaccionnoticias.com.mx\/index.php?rest_route=\/wp\/v2\/posts\/87608\/revisions\/87610"}],"wp:featuredmedia":[{"embeddable":true,"href":"https:\/\/www.interaccionnoticias.com.mx\/index.php?rest_route=\/wp\/v2\/media\/87609"}],"wp:attachment":[{"href":"https:\/\/www.interaccionnoticias.com.mx\/index.php?rest_route=%2Fwp%2Fv2%2Fmedia&parent=87608"}],"wp:term":[{"taxonomy":"category","embeddable":true,"href":"https:\/\/www.interaccionnoticias.com.mx\/index.php?rest_route=%2Fwp%2Fv2%2Fcategories&post=87608"},{"taxonomy":"post_tag","embeddable":true,"href":"https:\/\/www.interaccionnoticias.com.mx\/index.php?rest_route=%2Fwp%2Fv2%2Ftags&post=87608"}],"curies":[{"name":"wp","href":"https:\/\/api.w.org\/{rel}","templated":true}]}}