{"id":8759,"date":"2017-10-01T18:40:07","date_gmt":"2017-10-01T23:40:07","guid":{"rendered":"http:\/\/www.inter-accion.com.mx\/?p=8759"},"modified":"2017-10-01T18:40:07","modified_gmt":"2017-10-01T23:40:07","slug":"reprochan-ongs-el-recrudecimiento-de-la-violencia-en-chilapa","status":"publish","type":"post","link":"https:\/\/www.interaccionnoticias.com.mx\/?p=8759","title":{"rendered":"Reprochan ONGs el recrudecimiento de la violencia en Chilapa"},"content":{"rendered":"<p><strong>Adem\u00e1s de cr\u00edmenes, denuncian la suspensi\u00f3n indefinida del transporte p\u00fablico<\/strong><br \/>\nLas organizaciones no gubernamentales que forman parte de la Misi\u00f3n de Observaci\u00f3n Internacional reprocharon el recrudecimiento de la violencia en Chilapa, ya que a pesar de los anuncios oficiales, la confrontaci\u00f3n entre los grupos delictivos prevalece.<br \/>\nV\u00eda comunicado, organizaciones como la Red todos los Derechos para Todos, Amnist\u00eda Internacional (AI), el Centro de Derechos Humanos Jos\u00e9 Mar\u00eda Morelos y SERAPAZ, entre otros, condenaron&nbsp;el doble asesinato&nbsp;de los hermanos L\u00e1zaro y Germ\u00e1n S\u00e1nchez Reyes, quienes fueron atacados a balazos en las inmediaciones de una cancha deportiva.<br \/>\nPara las ONG\u00b4s, es muy grave que ambos j\u00f3venes hayan sido asesinados con el uso de armas punzocortantes y armas de fuego de alto calibre, de acuerdo con los testimonios que se han reunido sobre el asunto.<br \/>\nEl hecho de que el doble asesinato se haya registrado en un lugar frecuentado por los j\u00f3venes deportistas de Chilapa, constituye un mensaje amenazante para toda la poblaci\u00f3n, porque adem\u00e1s se registr\u00f3 a plena luz del d\u00eda.&nbsp;&nbsp;<br \/>\nAdem\u00e1s, se\u00f1alaron que el doble asesinato se convierte en un preocupante mensaje, que entre otras cosas deja en evidencia la inacci\u00f3n del Estado Mexicano en ese municipio, ubicado en la Monta\u00f1a baja de Guerrero.<br \/>\nEn el documento se indica que&nbsp;la naturaleza intimidante de estos hechos se concatenan con la&nbsp;suspensi\u00f3n indefinida del transporte p\u00fablico entre Chilpancingo y Chilapa, lo que afecta tambi\u00e9n a diversas comunidades aleda\u00f1as a la capital del estado.<br \/>\n\u201cEs absolutamente inaceptable que esta suspensi\u00f3n tenga su origen en la proliferaci\u00f3n reciente de ataques donde han quemado las unidades y han despojado a los pasajeros de sus pertenencias\u201d, refiere el texto.&nbsp;<br \/>\nSi se suman las amenazas en redes sociales, en las que&nbsp;&nbsp;se advierte a los transportistas de otras rutas que lleven pasaje a Chilpancingo que dejen de trabajar para no sufrir las consecuencias, lo que se configura es una ausencia de Estado de Derecho.<br \/>\nLas ONGs ratificaron su preocupaci\u00f3n por la integridad de las personas que habitan en la regi\u00f3n, en especial de los colectivos de defensa de derechos humanos que realizan su trabajo en la zona.<br \/>\nEn consecuencia, expresaron su inter\u00e9s de reagendar a la brevedad posible la reuni\u00f3n pospuesta con el Gobernador H\u00e9ctor Astudillo Flores, para conocer de primera mano su diagn\u00f3stico y estrategia para afrontar la crisis de derechos humanos ah\u00ed se vive, la que tambi\u00e9n a la gobernabilidad democr\u00e1tica de la entidad.<\/p>\n","protected":false},"excerpt":{"rendered":"<p>Adem\u00e1s de cr\u00edmenes, denuncian la suspensi\u00f3n indefinida del transporte p\u00fablico Las organizaciones no gubernamentales que forman parte de la Misi\u00f3n de Observaci\u00f3n Internacional reprocharon el recrudecimiento de la violencia en&hellip; <\/p>\n","protected":false},"author":1,"featured_media":0,"comment_status":"closed","ping_status":"closed","sticky":false,"template":"","format":"standard","meta":{"fifu_image_url":"","fifu_image_alt":"","footnotes":""},"categories":[8,15],"tags":[],"class_list":["post-8759","post","type-post","status-publish","format-standard","hentry","category-featured","category-movimientos-sociales"],"_links":{"self":[{"href":"https:\/\/www.interaccionnoticias.com.mx\/index.php?rest_route=\/wp\/v2\/posts\/8759","targetHints":{"allow":["GET"]}}],"collection":[{"href":"https:\/\/www.interaccionnoticias.com.mx\/index.php?rest_route=\/wp\/v2\/posts"}],"about":[{"href":"https:\/\/www.interaccionnoticias.com.mx\/index.php?rest_route=\/wp\/v2\/types\/post"}],"author":[{"embeddable":true,"href":"https:\/\/www.interaccionnoticias.com.mx\/index.php?rest_route=\/wp\/v2\/users\/1"}],"replies":[{"embeddable":true,"href":"https:\/\/www.interaccionnoticias.com.mx\/index.php?rest_route=%2Fwp%2Fv2%2Fcomments&post=8759"}],"version-history":[{"count":0,"href":"https:\/\/www.interaccionnoticias.com.mx\/index.php?rest_route=\/wp\/v2\/posts\/8759\/revisions"}],"wp:attachment":[{"href":"https:\/\/www.interaccionnoticias.com.mx\/index.php?rest_route=%2Fwp%2Fv2%2Fmedia&parent=8759"}],"wp:term":[{"taxonomy":"category","embeddable":true,"href":"https:\/\/www.interaccionnoticias.com.mx\/index.php?rest_route=%2Fwp%2Fv2%2Fcategories&post=8759"},{"taxonomy":"post_tag","embeddable":true,"href":"https:\/\/www.interaccionnoticias.com.mx\/index.php?rest_route=%2Fwp%2Fv2%2Ftags&post=8759"}],"curies":[{"name":"wp","href":"https:\/\/api.w.org\/{rel}","templated":true}]}}