{"id":87582,"date":"2025-02-13T16:32:08","date_gmt":"2025-02-13T22:32:08","guid":{"rendered":"https:\/\/www.interaccionnoticias.com.mx\/?p=87582"},"modified":"2025-02-13T16:32:10","modified_gmt":"2025-02-13T22:32:10","slug":"aclara-felix-salgado-que-no-tiene-plan-b-en-torno-a-la-reforma-contra-el-nepotismo","status":"publish","type":"post","link":"https:\/\/www.interaccionnoticias.com.mx\/?p=87582","title":{"rendered":"Aclara F\u00e9lix Salgado que no tiene \u201cPlan B\u201d en torno a la reforma contra el nepotismo"},"content":{"rendered":"\n<p><em><strong>&#8212; No buscar\u00e1 salida legal y culminar\u00e1 su periodo como senador hasta 2030<br>&#8212; Recuerda que la iniciativa todav\u00eda ser\u00e1 discutida en el Senado y enviada a la C\u00e1mara de Diputados<\/strong><\/em><\/p>\n\n\n\n<p><strong>Rogelio Agust\u00edn<\/strong><\/p>\n\n\n\n<p>El senador F\u00e9lix Salgado Macedonio sostuvo que si la reforma contra en nepotismo entra en vigor en 2027, \u00e9l no buscar\u00e1 ninguna salida legal para competir por la gubernatura, pues en ese tema no cuenta con un \u201cPlan B\u201d.<\/p>\n\n\n\n<p>En el centro de la capital de Guerrero, Salgado Macedonio record\u00f3 que \u00e9l ha manifestado que respalda la iniciativa de la presidenta de la Rep\u00fablica, Claudia Sheinbaum Pardo en los t\u00e9rminos en que est\u00e1.<\/p>\n\n\n\n<p>Si los transitorios indican que la reforma contra nepotismo entra en vigor en 2027, se\u00f1al\u00f3 que seguir\u00e1 con su encargo hasta 2030.<\/p>\n\n\n\n<p>\u201cYo voy a apoyar a quien quede, a quien diga el partido, aqu\u00ed no hay pla B\u201d, sostuvo el ex alcalde de Acapulco.<\/p>\n\n\n\n<p>Destac\u00f3 que todav\u00eda desconoce como vayan a quedar los transitorios de la inicitiva de ley, porque al final de cuentas la redacci\u00f3n tiene que ser objeto de una intensa discuci\u00f3n.<\/p>\n\n\n\n<p>Explic\u00f3: \u201cSon iniciativas que se env\u00edan a las c\u00e1maras, all\u00e1 llegan a las comisiones, luego pasan a la plenaria; algunos van a plantear que quieren que quede hasta 2030, ya lo han dicho abiertamente\u201d.<\/p>\n\n\n\n<p>Anticip\u00f3 que no se encuentra en la circunstancia de ir en contra de lo propuesto por la titular del Ejecutivo Federal, porque la presidenta cuenta con el respaldo de todos los senadores de MORENA.<\/p>\n\n\n\n<p>Record\u00f3 que no discrepar con la presidenta de la Rep\u00fablica implica que a Guerrero le vaya bien, de tal suerte que los programas y los recursos fluyan de manera normal.<\/p>\n\n\n\n<p>\u201cSi hay unidad, trabajo, acuerdos y entendimiento, yo estoy firme con la presidenta y no voy jam\u00e1s a traicionarla, tampoco voy a traicionar la voluntad del pueblo\u201d, destac\u00f3.<\/p>\n\n\n\n<p>Reconoci\u00f3 que siempre ha tenido la aspiraci\u00f3n de ser gobernador de Guerrero, pero admiti\u00f3 que eso no quiere decir que en su momento vaya a generar una confrontaci\u00f3n interna en el partido, pues lo importante es cerrar filas en torno al Gobierno del Estado para no debilitarlo.<\/p>\n\n\n\n<p>\u201cSomos guerrerenses y todos los actores pol\u00edticos debemos de unirnos en torno a nuestro gobernante, est\u00e9 quien est\u00e9 al frente, siempre debemos de apoyarlo\u201d, anot\u00f3.<\/p>\n","protected":false},"excerpt":{"rendered":"<p>&#8212; No buscar\u00e1 salida legal y culminar\u00e1 su periodo como senador hasta 2030&#8212; Recuerda que la iniciativa todav\u00eda ser\u00e1 discutida en el Senado y enviada a la C\u00e1mara de Diputados&hellip; <\/p>\n","protected":false},"author":21,"featured_media":87583,"comment_status":"open","ping_status":"open","sticky":false,"template":"","format":"standard","meta":{"fifu_image_url":"","fifu_image_alt":"","footnotes":""},"categories":[21],"tags":[],"class_list":["post-87582","post","type-post","status-publish","format-standard","has-post-thumbnail","hentry","category-politica"],"_links":{"self":[{"href":"https:\/\/www.interaccionnoticias.com.mx\/index.php?rest_route=\/wp\/v2\/posts\/87582","targetHints":{"allow":["GET"]}}],"collection":[{"href":"https:\/\/www.interaccionnoticias.com.mx\/index.php?rest_route=\/wp\/v2\/posts"}],"about":[{"href":"https:\/\/www.interaccionnoticias.com.mx\/index.php?rest_route=\/wp\/v2\/types\/post"}],"author":[{"embeddable":true,"href":"https:\/\/www.interaccionnoticias.com.mx\/index.php?rest_route=\/wp\/v2\/users\/21"}],"replies":[{"embeddable":true,"href":"https:\/\/www.interaccionnoticias.com.mx\/index.php?rest_route=%2Fwp%2Fv2%2Fcomments&post=87582"}],"version-history":[{"count":1,"href":"https:\/\/www.interaccionnoticias.com.mx\/index.php?rest_route=\/wp\/v2\/posts\/87582\/revisions"}],"predecessor-version":[{"id":87584,"href":"https:\/\/www.interaccionnoticias.com.mx\/index.php?rest_route=\/wp\/v2\/posts\/87582\/revisions\/87584"}],"wp:featuredmedia":[{"embeddable":true,"href":"https:\/\/www.interaccionnoticias.com.mx\/index.php?rest_route=\/wp\/v2\/media\/87583"}],"wp:attachment":[{"href":"https:\/\/www.interaccionnoticias.com.mx\/index.php?rest_route=%2Fwp%2Fv2%2Fmedia&parent=87582"}],"wp:term":[{"taxonomy":"category","embeddable":true,"href":"https:\/\/www.interaccionnoticias.com.mx\/index.php?rest_route=%2Fwp%2Fv2%2Fcategories&post=87582"},{"taxonomy":"post_tag","embeddable":true,"href":"https:\/\/www.interaccionnoticias.com.mx\/index.php?rest_route=%2Fwp%2Fv2%2Ftags&post=87582"}],"curies":[{"name":"wp","href":"https:\/\/api.w.org\/{rel}","templated":true}]}}