{"id":87576,"date":"2025-02-13T15:00:00","date_gmt":"2025-02-13T21:00:00","guid":{"rendered":"https:\/\/www.interaccionnoticias.com.mx\/?p=87576"},"modified":"2025-02-13T16:24:02","modified_gmt":"2025-02-13T22:24:02","slug":"comunitarios-obstaculizan-la-investigacion-del-asesinato-de-dos-menores-en-pueblo-de-chilapa","status":"publish","type":"post","link":"https:\/\/www.interaccionnoticias.com.mx\/?p=87576","title":{"rendered":"Comunitarios obstaculizan la investigaci\u00f3n del asesinato de dos menores, en pueblo de Chilapa"},"content":{"rendered":"\n<p><strong><em>&#8212; El subsecretario de Gobierno, Francisco Rodr\u00edguez Cisneros se\u00f1ala que un bloqueo de la CRAC-PF impide el ingreso de personal de la FGE<br>&#8212; La familia de los menores Mateo Francisco Reyes, de 14 a\u00f1os de edad y Porfirio Morales, de 12, si quieren que se realicen los peritajes, pero la polic\u00eda comunitaria se opone<\/em><\/strong><\/p>\n\n\n\n<p><strong>Yasm\u00edn Garc\u00eda<\/strong><\/p>\n\n\n\n<p>El subsecretario de Desarollo Pol\u00edtico y Social del Gobierno de Guerrero, Francisco Rodr\u00edguez Cisneros denunci\u00f3 que la Coordinadora Regional de Autoridades Comunitarias de los Pueblos Fundadores (CRAC-PF) se opone a que la Fiscal\u00eda General del Estado (FGE) realice la investigaci\u00f3n relacionada con el asesinato de dos menores de 14 y 12 a\u00f1os de edad, cometido el martes en la zona rural de Chilapa.<\/p>\n\n\n\n<p>El funcionario destac\u00f3 que desde la tarde del mi\u00e9rcoles 12 de febrero, integrantes de la CRAC-PF instalaron un bloqueo sobre la carretera que va de Chilapa hacia Hueycantenango, para supuestamente exigir la detenci\u00f3n de los responsables del doble asesinato cometido en las inmediaciones de Xochitempa, municipio de Chilapa.<\/p>\n\n\n\n<p>Rodr\u00edguez Cisneros coment\u00f3 que busc\u00f3 el di\u00e1logo con los coordinadores de la CRAC-PF, para efeccto de solicitarles que permitan que la FGE realice su trabajo.<\/p>\n\n\n\n<p>Explic\u00f3 que la familia de los menores nahuas, Mateo Francisco Reyes y Porfirio Morales, de 14 y 12 a\u00f1os de edad respectivamente, no se oponen a los peritajes de la FGE, pero son los coordinadores de la comunitaria los que impiden el ingreso del personal institucional.<\/p>\n\n\n\n<p>Indic\u00f3: \u00abNosotros estamos trabajando, por eso es importante que ellos permitan a las autoridades que realice los actos, la investigaci\u00f3n que primero incluye los peritajes para que se pueda determinar la causa de muerte, cuando hay un ocultamiento de los hechos, es dif\u00edcil que la autoridad pueda actuar\u201d.<\/p>\n\n\n\n<p>Desde el mi\u00e9rcoles, la CRAC-PF responsabiliz\u00f3 del crimen a un grupo delictivo que opera en la zona, por lo que demandaron al Gobierno del Estado el esclarecimiento de los hechos, as\u00ed como permitir que haya las condiciones para que los ni\u00f1os tengan acceso a una vida libre de violencia.<\/p>\n","protected":false},"excerpt":{"rendered":"<p>&#8212; El subsecretario de Gobierno, Francisco Rodr\u00edguez Cisneros se\u00f1ala que un bloqueo de la CRAC-PF impide el ingreso de personal de la FGE&#8212; La familia de los menores Mateo Francisco&hellip; <\/p>\n","protected":false},"author":32,"featured_media":87577,"comment_status":"open","ping_status":"open","sticky":false,"template":"","format":"standard","meta":{"fifu_image_url":"","fifu_image_alt":"","footnotes":""},"categories":[11],"tags":[],"class_list":["post-87576","post","type-post","status-publish","format-standard","has-post-thumbnail","hentry","category-guerrero"],"_links":{"self":[{"href":"https:\/\/www.interaccionnoticias.com.mx\/index.php?rest_route=\/wp\/v2\/posts\/87576","targetHints":{"allow":["GET"]}}],"collection":[{"href":"https:\/\/www.interaccionnoticias.com.mx\/index.php?rest_route=\/wp\/v2\/posts"}],"about":[{"href":"https:\/\/www.interaccionnoticias.com.mx\/index.php?rest_route=\/wp\/v2\/types\/post"}],"author":[{"embeddable":true,"href":"https:\/\/www.interaccionnoticias.com.mx\/index.php?rest_route=\/wp\/v2\/users\/32"}],"replies":[{"embeddable":true,"href":"https:\/\/www.interaccionnoticias.com.mx\/index.php?rest_route=%2Fwp%2Fv2%2Fcomments&post=87576"}],"version-history":[{"count":1,"href":"https:\/\/www.interaccionnoticias.com.mx\/index.php?rest_route=\/wp\/v2\/posts\/87576\/revisions"}],"predecessor-version":[{"id":87578,"href":"https:\/\/www.interaccionnoticias.com.mx\/index.php?rest_route=\/wp\/v2\/posts\/87576\/revisions\/87578"}],"wp:featuredmedia":[{"embeddable":true,"href":"https:\/\/www.interaccionnoticias.com.mx\/index.php?rest_route=\/wp\/v2\/media\/87577"}],"wp:attachment":[{"href":"https:\/\/www.interaccionnoticias.com.mx\/index.php?rest_route=%2Fwp%2Fv2%2Fmedia&parent=87576"}],"wp:term":[{"taxonomy":"category","embeddable":true,"href":"https:\/\/www.interaccionnoticias.com.mx\/index.php?rest_route=%2Fwp%2Fv2%2Fcategories&post=87576"},{"taxonomy":"post_tag","embeddable":true,"href":"https:\/\/www.interaccionnoticias.com.mx\/index.php?rest_route=%2Fwp%2Fv2%2Ftags&post=87576"}],"curies":[{"name":"wp","href":"https:\/\/api.w.org\/{rel}","templated":true}]}}