{"id":87543,"date":"2025-02-12T17:57:00","date_gmt":"2025-02-12T23:57:00","guid":{"rendered":"https:\/\/www.interaccionnoticias.com.mx\/?p=87543"},"modified":"2025-02-12T20:02:21","modified_gmt":"2025-02-13T02:02:21","slug":"proponen-en-el-congreso-local-establecer-la-licencia-menstrual","status":"publish","type":"post","link":"https:\/\/www.interaccionnoticias.com.mx\/?p=87543","title":{"rendered":"Proponen en el Congreso Local establecer la Licencia Menstrual"},"content":{"rendered":"\n<p><em><strong>&#8212; Para ello se requiere reformar la Ley del Trabajo<\/strong><\/em><\/p>\n\n\n\n<p><strong>Rosario Garc\u00eda Orozco<\/strong><\/p>\n\n\n\n<p>La diputada local Mar\u00eda de Jes\u00fas Galeana Radilla, propuso reformar la Ley de Trabajo de los Servidores P\u00fablicos del Estado de Guerrero, para establecer la Licencia Menstrual, como un derecho de las mujeres trabajadoras.<\/p>\n\n\n\n<p>Durante la sesi\u00f3n de la Comisi\u00f3n Permanente, la legisladora perredista expuso que la dismenorrea, que afecta a un significativo n\u00famero de mujeres, puede ser incapacitante y, sin embargo, es poco reconocida en las pol\u00edticas laborales.<\/p>\n\n\n\n<p>Expres\u00f3 que la salud y el bienestar de las trabajadoras no son solo cuestiones de derecho, sino tambi\u00e9n de dignidad.<\/p>\n\n\n\n<p>En su intervenci\u00f3n tambi\u00e9n explic\u00f3 que esta legislaci\u00f3n busca eliminar el estigma que rodea la menstruaci\u00f3n y que reconoce la existencia de enfermedades que impactan cotidianamente a las trabajadoras.<\/p>\n\n\n\n<p>Record\u00f3 que algunas entidades federativas del pa\u00eds ya han implementado pol\u00edticas que permiten a las mujeres un tiempo adecuado para cuidar su salud durante per\u00edodos de sufrimiento f\u00edsico, y que no solo benefician a las trabajadoras al facilitarles acceder a atenci\u00f3n m\u00e9dica y descanso, tambi\u00e9n es un reconocimiento de su derecho a gozar de un ambiente laboral que respete su integridad y bienestar.<\/p>\n\n\n\n<p>\u201cEl derecho a la salud reproductiva, que incluye el manejo adecuado del dolor menstrual, debe ser garantizado al igual que cualquier otro derecho laboral. Esta licencia no es un privilegio; es una necesidad. Las mujeres administran cargas tanto laborales como familiares, y todos nos beneficiamos cuando se les permite cuidar de su salud\u201d, insisti\u00f3.<\/p>\n\n\n\n<p>Galeana Radilla dijo que dicha reforma es un paso fundamental hacia una agenda m\u00e1s inclusiva y equitativa, para la construcci\u00f3n de un Guerrero m\u00e1s justo para todas y todos.<\/p>\n\n\n\n<p>La iniciativa propone la adici\u00f3n de la fracci\u00f3n VIII al art\u00edculo 24 de la Ley de Trabajo de los Servidores P\u00fablicos del Estado de Guerrero, as\u00ed como la adici\u00f3n del art\u00edculo 23 bis a la Ley N\u00famero 51, Estatuto de los Trabajadores al Servicio del Estado, de los Municipios y de los Organismos P\u00fablicos Coordinados y Descentralizados del Estado de Guerrero, en materia de Licencia Menstrual; misma que fue turnada a la Comisi\u00f3n de Desarrollo Econ\u00f3mico y Trabajo para su an\u00e1lisis.<\/p>\n","protected":false},"excerpt":{"rendered":"<p>&#8212; Para ello se requiere reformar la Ley del Trabajo Rosario Garc\u00eda Orozco La diputada local Mar\u00eda de Jes\u00fas Galeana Radilla, propuso reformar la Ley de Trabajo de los Servidores&hellip; <\/p>\n","protected":false},"author":14,"featured_media":87544,"comment_status":"open","ping_status":"open","sticky":false,"template":"","format":"standard","meta":{"fifu_image_url":"","fifu_image_alt":"","footnotes":""},"categories":[2],"tags":[],"class_list":["post-87543","post","type-post","status-publish","format-standard","has-post-thumbnail","hentry","category-congreso"],"_links":{"self":[{"href":"https:\/\/www.interaccionnoticias.com.mx\/index.php?rest_route=\/wp\/v2\/posts\/87543","targetHints":{"allow":["GET"]}}],"collection":[{"href":"https:\/\/www.interaccionnoticias.com.mx\/index.php?rest_route=\/wp\/v2\/posts"}],"about":[{"href":"https:\/\/www.interaccionnoticias.com.mx\/index.php?rest_route=\/wp\/v2\/types\/post"}],"author":[{"embeddable":true,"href":"https:\/\/www.interaccionnoticias.com.mx\/index.php?rest_route=\/wp\/v2\/users\/14"}],"replies":[{"embeddable":true,"href":"https:\/\/www.interaccionnoticias.com.mx\/index.php?rest_route=%2Fwp%2Fv2%2Fcomments&post=87543"}],"version-history":[{"count":1,"href":"https:\/\/www.interaccionnoticias.com.mx\/index.php?rest_route=\/wp\/v2\/posts\/87543\/revisions"}],"predecessor-version":[{"id":87545,"href":"https:\/\/www.interaccionnoticias.com.mx\/index.php?rest_route=\/wp\/v2\/posts\/87543\/revisions\/87545"}],"wp:featuredmedia":[{"embeddable":true,"href":"https:\/\/www.interaccionnoticias.com.mx\/index.php?rest_route=\/wp\/v2\/media\/87544"}],"wp:attachment":[{"href":"https:\/\/www.interaccionnoticias.com.mx\/index.php?rest_route=%2Fwp%2Fv2%2Fmedia&parent=87543"}],"wp:term":[{"taxonomy":"category","embeddable":true,"href":"https:\/\/www.interaccionnoticias.com.mx\/index.php?rest_route=%2Fwp%2Fv2%2Fcategories&post=87543"},{"taxonomy":"post_tag","embeddable":true,"href":"https:\/\/www.interaccionnoticias.com.mx\/index.php?rest_route=%2Fwp%2Fv2%2Ftags&post=87543"}],"curies":[{"name":"wp","href":"https:\/\/api.w.org\/{rel}","templated":true}]}}