{"id":87532,"date":"2025-02-12T14:53:00","date_gmt":"2025-02-12T20:53:00","guid":{"rendered":"https:\/\/www.interaccionnoticias.com.mx\/?p=87532"},"modified":"2025-02-12T16:44:38","modified_gmt":"2025-02-12T22:44:38","slug":"el-pri-urgio-la-creacion-de-la-oficina-del-zar-antidrogas","status":"publish","type":"post","link":"https:\/\/www.interaccionnoticias.com.mx\/?p=87532","title":{"rendered":"El PRI urgi\u00f3 la creaci\u00f3n de la oficina del Zar Antidrogas"},"content":{"rendered":"\n<p><strong><em>&#8212; Se requiere para fortalecer la estrategia de combate al fentanilo: Alejandro Bravo<\/em><\/strong><\/p>\n\n\n\n<p><strong>Rosario Garc\u00eda Orozco<\/strong><\/p>\n\n\n\n<p>El presidente del Comit\u00e9 Ejecutivo Estatal del PRI, Alejandro Bravo Abarca, urgi\u00f3 la creaci\u00f3n de la figura del \u201cZar Antidrogas\u201d para fortalecer la estrategia del combate al fentanilo y otras drogas sint\u00e9ticas.<\/p>\n\n\n\n<p>En conferencia de prensa, mencion\u00f3 que no s\u00f3lo es necesario, sino tambi\u00e9n urgente atender esa problem\u00e1tica que afecta a todo el pa\u00eds, \u00abes parte de poder subsanar la estrategia fallida que hemos tenido en este sentido con el tr\u00e1fico principalmente de esta droga\u00bb.<\/p>\n\n\n\n<p>Dijo que la personalidad del Zar Antidrogas ya se ha manejado en otros paises, y han sido modelos exitosos, \u00abeso es lo que pretendemos, que tengamos a un personaje especialista, que conozca de esos temas y pudiera dar buenos resultados\u00bb.<\/p>\n\n\n\n<p>Del mismo modo, pidi\u00f3 a los gobiernos federal y estatal que cambien su estrategia en cuesti\u00f3n de cooperaci\u00f3n, \u00abvimos con tristeza como transparencia internacional, inform\u00f3 que en estos \u00faltimos a\u00f1os hemos disminuido en dos lugares y nos encontramos en los \u00faltimos lugares en la percepci\u00f3n de corrupci\u00f3n\u00bb.<\/p>\n\n\n\n<p>Se\u00f1al\u00f3 que Morena se contradice, al asegurar que va contra la corrupci\u00f3n, porque organismos internacionales se\u00f1alan que M\u00e9xico se encuentra en el lugar 124 de 140 pa\u00edses que son monitoreados en ese sentido, \u00abaunado a eso la Organizaci\u00f3n de Cooperaci\u00f3n para el Desarrollo Econ\u00f3mico (Ocde) informa que de 38 pa\u00edses que participan, M\u00e9xico se encuentra en el \u00faltimo lugar\u00bb.<\/p>\n\n\n\n<p>Bravo Abarca insisti\u00f3 en su llamado al gobierno federal, \u00abpara que sea capaz de cambiar las estrategias fallidas\u00bb en materia de seguridad y que tome en cuenta la propuesta de la creaci\u00f3n del Zar Antidrogas a la brevedad.<\/p>\n\n\n\n<p>Al gobierno del estado, el dirigente estatal del PRI le urgi\u00f3 que haya una \u00abverdadera coordinaci\u00f3n\u00bb entre todas las instituciones responsables de \u00e1reas de seguridad, \u00abpara que nosotros podemos tener una percepci\u00f3n de tranquilidad, es justo y necesario que se cambien esas estrategias, porque pareciera que hoy celebran que est\u00e1bamos en el s\u00e9ptimo lugar y hoy estamos en el octavo\u00bb.<\/p>\n","protected":false},"excerpt":{"rendered":"<p>&#8212; Se requiere para fortalecer la estrategia de combate al fentanilo: Alejandro Bravo Rosario Garc\u00eda Orozco El presidente del Comit\u00e9 Ejecutivo Estatal del PRI, Alejandro Bravo Abarca, urgi\u00f3 la creaci\u00f3n&hellip; <\/p>\n","protected":false},"author":14,"featured_media":87533,"comment_status":"open","ping_status":"open","sticky":false,"template":"","format":"standard","meta":{"fifu_image_url":"","fifu_image_alt":"","footnotes":""},"categories":[21],"tags":[],"class_list":["post-87532","post","type-post","status-publish","format-standard","has-post-thumbnail","hentry","category-politica"],"_links":{"self":[{"href":"https:\/\/www.interaccionnoticias.com.mx\/index.php?rest_route=\/wp\/v2\/posts\/87532","targetHints":{"allow":["GET"]}}],"collection":[{"href":"https:\/\/www.interaccionnoticias.com.mx\/index.php?rest_route=\/wp\/v2\/posts"}],"about":[{"href":"https:\/\/www.interaccionnoticias.com.mx\/index.php?rest_route=\/wp\/v2\/types\/post"}],"author":[{"embeddable":true,"href":"https:\/\/www.interaccionnoticias.com.mx\/index.php?rest_route=\/wp\/v2\/users\/14"}],"replies":[{"embeddable":true,"href":"https:\/\/www.interaccionnoticias.com.mx\/index.php?rest_route=%2Fwp%2Fv2%2Fcomments&post=87532"}],"version-history":[{"count":1,"href":"https:\/\/www.interaccionnoticias.com.mx\/index.php?rest_route=\/wp\/v2\/posts\/87532\/revisions"}],"predecessor-version":[{"id":87534,"href":"https:\/\/www.interaccionnoticias.com.mx\/index.php?rest_route=\/wp\/v2\/posts\/87532\/revisions\/87534"}],"wp:featuredmedia":[{"embeddable":true,"href":"https:\/\/www.interaccionnoticias.com.mx\/index.php?rest_route=\/wp\/v2\/media\/87533"}],"wp:attachment":[{"href":"https:\/\/www.interaccionnoticias.com.mx\/index.php?rest_route=%2Fwp%2Fv2%2Fmedia&parent=87532"}],"wp:term":[{"taxonomy":"category","embeddable":true,"href":"https:\/\/www.interaccionnoticias.com.mx\/index.php?rest_route=%2Fwp%2Fv2%2Fcategories&post=87532"},{"taxonomy":"post_tag","embeddable":true,"href":"https:\/\/www.interaccionnoticias.com.mx\/index.php?rest_route=%2Fwp%2Fv2%2Ftags&post=87532"}],"curies":[{"name":"wp","href":"https:\/\/api.w.org\/{rel}","templated":true}]}}