{"id":87523,"date":"2025-02-12T14:38:30","date_gmt":"2025-02-12T20:38:30","guid":{"rendered":"https:\/\/www.interaccionnoticias.com.mx\/?p=87523"},"modified":"2025-02-12T14:38:32","modified_gmt":"2025-02-12T20:38:32","slug":"la-iniciativa-de-reforma-contra-el-nepotismo-no-tiene-nombre-ni-apellido-jesus-uriostegui-garcia","status":"publish","type":"post","link":"https:\/\/www.interaccionnoticias.com.mx\/?p=87523","title":{"rendered":"La iniciativa de reforma contra el nepotismo no tiene nombre ni apellido: Jes\u00fas Uri\u00f3stegui Garc\u00eda"},"content":{"rendered":"\n<p><em><strong>&#8212; Llam\u00f3 a sus compa\u00f1eros de Morena que tengan aspiraciones a un cargo de elecci\u00f3n popular a guardar los momentos ya que Guerrero los necesita unidos<\/strong><\/em><\/p>\n\n\n\n<p><strong>Yasm\u00edn Garc\u00eda<\/strong><\/p>\n\n\n\n<p>El presidente de la Junta de Coordinaci\u00f3n Pol\u00edtica (Jucopo) del Congreso local, Jes\u00fas Uriostegui Garc\u00eda asegur\u00f3 que la iniciativa de reforma contra el nepotismo no tiene nombre ni apellido en alusi\u00f3n al senador de la R\u00e9publica F\u00e9lix Salgado Macedonio ya que se ver\u00eda impedido de ser candidato a la gubernatura en 2027, por ser el padre de la actual gobernadora de Guerrero Evelyn Salgado Pineda.<\/p>\n\n\n\n<p>En entrevista en el Congreso local, consider\u00f3 que la iniciativa enviada al Senado por la presidenta de M\u00e9xico Claudia Sheimbaun Pardo no tiene dedicatoria, despu\u00e9s de que el presidente de la Mesa Directiva de la C\u00e1mara del Senado, Gerardo Fern\u00e1ndez Noro\u00f1a declar\u00f3 que sus compa\u00f1eros de bancada Sa\u00fal Moreal y F\u00e9lix Salgado no podr\u00e1n ser candidatos a la gubernatura de Zacatecas y de Guerrero en el a\u00f1o 2027, una vez que se apruebe la reforma contra el nepotismo.<\/p>\n\n\n\n<p>\u00abCreo que la doctora ha sido clara no tiene una dedicatoria personal no tiene nombre, ni apellido la ley es de aplicaci\u00f3n general para todos y todas, la doctora lo aclar\u00f3 no hay ning\u00fan nombre y apellido reitero ser respetuosos y congurentes, nosotros lo haremos desde el Congreso del Estado\u00bb, manifest\u00f3.<\/p>\n\n\n\n<p>El presidente de la Jucopo, dijo ser respetuoso \u00abde las opiniones personales que estan haciendo un tema, pero creo que es muy pronto\u00bb.<\/p>\n\n\n\n<p>Llam\u00f3 a sus compa\u00f1eros de Morena que tengan aspiraciones a un cargo de elecci\u00f3n popular a guardar los momentos ya que Guerrero los necesita unidos.<\/p>\n\n\n\n<p>De los llamados del presidente del Comit\u00e9 Ejecutivo Estatal (CEE) de Morena, Jacinto Gonz\u00e1lez Varona a que la 64 Legislatura se dedique a legislar y a respaldar las inciativas de reforma contra el nepotismo y reelecci\u00f3n, Uriostegui Garc\u00eda mencion\u00f3 que no habr\u00e1 dilaci\u00f3n de armonizaci\u00f3n de leyes, adem\u00e1s de que los diputados saben su responsabilidad.<\/p>\n","protected":false},"excerpt":{"rendered":"<p>&#8212; Llam\u00f3 a sus compa\u00f1eros de Morena que tengan aspiraciones a un cargo de elecci\u00f3n popular a guardar los momentos ya que Guerrero los necesita unidos Yasm\u00edn Garc\u00eda El presidente&hellip; <\/p>\n","protected":false},"author":32,"featured_media":87524,"comment_status":"open","ping_status":"open","sticky":false,"template":"","format":"standard","meta":{"fifu_image_url":"","fifu_image_alt":"","footnotes":""},"categories":[2],"tags":[],"class_list":["post-87523","post","type-post","status-publish","format-standard","has-post-thumbnail","hentry","category-congreso"],"_links":{"self":[{"href":"https:\/\/www.interaccionnoticias.com.mx\/index.php?rest_route=\/wp\/v2\/posts\/87523","targetHints":{"allow":["GET"]}}],"collection":[{"href":"https:\/\/www.interaccionnoticias.com.mx\/index.php?rest_route=\/wp\/v2\/posts"}],"about":[{"href":"https:\/\/www.interaccionnoticias.com.mx\/index.php?rest_route=\/wp\/v2\/types\/post"}],"author":[{"embeddable":true,"href":"https:\/\/www.interaccionnoticias.com.mx\/index.php?rest_route=\/wp\/v2\/users\/32"}],"replies":[{"embeddable":true,"href":"https:\/\/www.interaccionnoticias.com.mx\/index.php?rest_route=%2Fwp%2Fv2%2Fcomments&post=87523"}],"version-history":[{"count":1,"href":"https:\/\/www.interaccionnoticias.com.mx\/index.php?rest_route=\/wp\/v2\/posts\/87523\/revisions"}],"predecessor-version":[{"id":87525,"href":"https:\/\/www.interaccionnoticias.com.mx\/index.php?rest_route=\/wp\/v2\/posts\/87523\/revisions\/87525"}],"wp:featuredmedia":[{"embeddable":true,"href":"https:\/\/www.interaccionnoticias.com.mx\/index.php?rest_route=\/wp\/v2\/media\/87524"}],"wp:attachment":[{"href":"https:\/\/www.interaccionnoticias.com.mx\/index.php?rest_route=%2Fwp%2Fv2%2Fmedia&parent=87523"}],"wp:term":[{"taxonomy":"category","embeddable":true,"href":"https:\/\/www.interaccionnoticias.com.mx\/index.php?rest_route=%2Fwp%2Fv2%2Fcategories&post=87523"},{"taxonomy":"post_tag","embeddable":true,"href":"https:\/\/www.interaccionnoticias.com.mx\/index.php?rest_route=%2Fwp%2Fv2%2Ftags&post=87523"}],"curies":[{"name":"wp","href":"https:\/\/api.w.org\/{rel}","templated":true}]}}