{"id":87518,"date":"2025-02-12T14:17:08","date_gmt":"2025-02-12T20:17:08","guid":{"rendered":"https:\/\/www.interaccionnoticias.com.mx\/?p=87518"},"modified":"2025-02-12T14:19:18","modified_gmt":"2025-02-12T20:19:18","slug":"familiares-reportan-la-desaparicion-de-dos-jovenes-en-la-montana-baja","status":"publish","type":"post","link":"https:\/\/www.interaccionnoticias.com.mx\/?p=87518","title":{"rendered":"Familiares reportan la desaparici\u00f3n de dos j\u00f3venes en la Monta\u00f1a baja"},"content":{"rendered":"\n<p><strong><em>&#8212; El domingo 9 de febrero salieron a trabajar y se perdi\u00f3 el contacto con ellos<\/em><\/strong><\/p>\n\n\n\n<p><strong>Rogelio Agust\u00edn<\/strong><\/p>\n\n\n\n<p>Familiares de los j\u00f3venes Juan Jes\u00fas Silva Rosendo, de 22 a\u00f1os de edad y Jonathan Acevedo Carranza pidieron el apoyo de la sociedad y de las autoridades para dar con su paradero, ya que perdieron contacto con ellos desde la jornada del domingo 9 de febrero, cuando salieron a trabajar.<\/p>\n\n\n\n<p>De acuerdo con los datos proporcionados por sus familiares, Juan Jes\u00fas Silva Rosendo es de tez morena, tiene una cicatriz en la frente y ojos semi rasgados.<\/p>\n\n\n\n<p>Fue visto por \u00faltima vez en la carretera Pochutla-Olinal\u00e1, alrededor de las 06:30 horas del domingo nueve de febrero.<\/p>\n\n\n\n<p>Se se\u00f1ala que estaba acompa\u00f1ado de Jonathan Carranza, ambos estaban a bordo de una motocicleta tipo pulsar con colores blanco y negro.<\/p>\n\n\n\n<p>En cuanto a Jonathan, su familia indic\u00f3 que como todos los d\u00edas sali\u00f3 muy temprano a trabajar, dirigi\u00e9ndose hacia Pochutla municipios de Ahuocoutzingo, sin que hasta el momento se haya tenido alguna comunicaci\u00f3n de su parte.<\/p>\n\n\n\n<p>Jonathan es moreno, usa bigote y su cabello es lacio, corto y de color negro, su edad oscila entre los 25 y 30 a\u00f1os.<\/p>\n\n\n\n<p>Las familias dejaron el n\u00famero 7561033386 para recibir cualquier dato que contribuya con su posible localizaci\u00f3n.<\/p>\n","protected":false},"excerpt":{"rendered":"<p>&#8212; El domingo 9 de febrero salieron a trabajar y se perdi\u00f3 el contacto con ellos Rogelio Agust\u00edn Familiares de los j\u00f3venes Juan Jes\u00fas Silva Rosendo, de 22 a\u00f1os de&hellip; <\/p>\n","protected":false},"author":21,"featured_media":87519,"comment_status":"open","ping_status":"open","sticky":false,"template":"","format":"standard","meta":{"fifu_image_url":"","fifu_image_alt":"","footnotes":""},"categories":[247],"tags":[],"class_list":["post-87518","post","type-post","status-publish","format-standard","has-post-thumbnail","hentry","category-lo-has-visto"],"_links":{"self":[{"href":"https:\/\/www.interaccionnoticias.com.mx\/index.php?rest_route=\/wp\/v2\/posts\/87518","targetHints":{"allow":["GET"]}}],"collection":[{"href":"https:\/\/www.interaccionnoticias.com.mx\/index.php?rest_route=\/wp\/v2\/posts"}],"about":[{"href":"https:\/\/www.interaccionnoticias.com.mx\/index.php?rest_route=\/wp\/v2\/types\/post"}],"author":[{"embeddable":true,"href":"https:\/\/www.interaccionnoticias.com.mx\/index.php?rest_route=\/wp\/v2\/users\/21"}],"replies":[{"embeddable":true,"href":"https:\/\/www.interaccionnoticias.com.mx\/index.php?rest_route=%2Fwp%2Fv2%2Fcomments&post=87518"}],"version-history":[{"count":2,"href":"https:\/\/www.interaccionnoticias.com.mx\/index.php?rest_route=\/wp\/v2\/posts\/87518\/revisions"}],"predecessor-version":[{"id":87522,"href":"https:\/\/www.interaccionnoticias.com.mx\/index.php?rest_route=\/wp\/v2\/posts\/87518\/revisions\/87522"}],"wp:featuredmedia":[{"embeddable":true,"href":"https:\/\/www.interaccionnoticias.com.mx\/index.php?rest_route=\/wp\/v2\/media\/87519"}],"wp:attachment":[{"href":"https:\/\/www.interaccionnoticias.com.mx\/index.php?rest_route=%2Fwp%2Fv2%2Fmedia&parent=87518"}],"wp:term":[{"taxonomy":"category","embeddable":true,"href":"https:\/\/www.interaccionnoticias.com.mx\/index.php?rest_route=%2Fwp%2Fv2%2Fcategories&post=87518"},{"taxonomy":"post_tag","embeddable":true,"href":"https:\/\/www.interaccionnoticias.com.mx\/index.php?rest_route=%2Fwp%2Fv2%2Ftags&post=87518"}],"curies":[{"name":"wp","href":"https:\/\/api.w.org\/{rel}","templated":true}]}}