{"id":87497,"date":"2025-02-11T19:41:49","date_gmt":"2025-02-12T01:41:49","guid":{"rendered":"https:\/\/www.interaccionnoticias.com.mx\/?p=87497"},"modified":"2025-02-11T19:41:51","modified_gmt":"2025-02-12T01:41:51","slug":"seran-funcionarios-de-casilla-en-eleccion-judicial-el-13-de-inscritos-en-lista-nominal","status":"publish","type":"post","link":"https:\/\/www.interaccionnoticias.com.mx\/?p=87497","title":{"rendered":"Ser\u00e1n funcionarios de casilla en elecci\u00f3n Judicial, el 13% de inscritos en Lista Nominal"},"content":{"rendered":"\n<p><strong><em>&#8212; Se instalar\u00e1n por lo menos 2 mil 732 casillas en la entidad<\/em><\/strong><\/p>\n\n\n\n<p><strong>Rosario Garc\u00eda Orozco<\/strong><\/p>\n\n\n\n<p>El vocal ejecutivo del Instituto Nacional Electoral (INE), Donaciano Mu\u00f1oz Loyola, inform\u00f3 que el 13 por ciento de quienes componen la Lista Nominal ser\u00e1n quienes podr\u00e1n participar como funcionarios de casilla en la elecci\u00f3n de funcionarios del Poder Judicial.<\/p>\n\n\n\n<p>Explic\u00f3 que la Lista Nominal la componen 2 millones 350 mil ciudadanos guerrerenses, con base en el corte de enero pasado.<\/p>\n\n\n\n<p>Por esa raz\u00f3n decenas de Capacitadores Asistentes Electorales (CAES), recorren las localidades del estado, desde el 9 de febrero hasta el 31 marzo, en la primera etapa de capacitaci\u00f3n de personas que podr\u00e1n integrar las casillas que se instalar\u00e1n en el estado, para la elecci\u00f3n Judicial del 1 de junio.<\/p>\n\n\n\n<p>En el estado de Guerrero se van a elegir 39 cargos, entre ellos, nueve ministros de la Suprema Corte de Justicia de la Naci\u00f3n, 10 magistraturas y 10 jueces del 21 circuito, adem\u00e1s de representantes del Tribunal Electoral del Poder Judicial de la Federaci\u00f3n.<\/p>\n\n\n\n<p>Mencion\u00f3 que los capacitadores recorren las localidades, para notificar y capacitar a los ciudadanos que, con base a la insaculaci\u00f3n federal, resultaron sorteados para fungir como funcionarios de casillas, en la elecci\u00f3n del 1 de junio pr\u00f3ximo.<\/p>\n\n\n\n<p>Mu\u00f1oz Loyola asegur\u00f3 que a pesar de la complejidad de la elecci\u00f3n Judicial federal, los representantes del \u00f3rgano electoral, han podido llevar a cabo su labor con normalidad.<\/p>\n\n\n\n<p>El proceso forma parte de una primera etapa de capacitaci\u00f3n, conocida como sensibilizaci\u00f3n, para los ciudadanos nacidos, durante los meses de febrero, mayo y o posteriores, as\u00ed como, cuyos apellidos sea con la letra \u00abJ\u00bb, para que integren las por lo menos 2 mil 732 casillas que se proyecta instalar en Guerrero.<\/p>\n\n\n\n<p>Tambi\u00e9n coment\u00f3 que las visitas a los ciudadanos sorteados deben cumplirse de manera obligatoria al 100 por ciento, y de no ser localizados en un primer recorrido, el representante electoral, deber\u00e1 regresar al domicilio en el horario adecuado.<\/p>\n","protected":false},"excerpt":{"rendered":"<p>&#8212; Se instalar\u00e1n por lo menos 2 mil 732 casillas en la entidad Rosario Garc\u00eda Orozco El vocal ejecutivo del Instituto Nacional Electoral (INE), Donaciano Mu\u00f1oz Loyola, inform\u00f3 que el&hellip; <\/p>\n","protected":false},"author":14,"featured_media":83968,"comment_status":"open","ping_status":"open","sticky":false,"template":"","format":"standard","meta":{"fifu_image_url":"","fifu_image_alt":"","footnotes":""},"categories":[17],"tags":[],"class_list":["post-87497","post","type-post","status-publish","format-standard","has-post-thumbnail","hentry","category-organos-electorales"],"_links":{"self":[{"href":"https:\/\/www.interaccionnoticias.com.mx\/index.php?rest_route=\/wp\/v2\/posts\/87497","targetHints":{"allow":["GET"]}}],"collection":[{"href":"https:\/\/www.interaccionnoticias.com.mx\/index.php?rest_route=\/wp\/v2\/posts"}],"about":[{"href":"https:\/\/www.interaccionnoticias.com.mx\/index.php?rest_route=\/wp\/v2\/types\/post"}],"author":[{"embeddable":true,"href":"https:\/\/www.interaccionnoticias.com.mx\/index.php?rest_route=\/wp\/v2\/users\/14"}],"replies":[{"embeddable":true,"href":"https:\/\/www.interaccionnoticias.com.mx\/index.php?rest_route=%2Fwp%2Fv2%2Fcomments&post=87497"}],"version-history":[{"count":1,"href":"https:\/\/www.interaccionnoticias.com.mx\/index.php?rest_route=\/wp\/v2\/posts\/87497\/revisions"}],"predecessor-version":[{"id":87498,"href":"https:\/\/www.interaccionnoticias.com.mx\/index.php?rest_route=\/wp\/v2\/posts\/87497\/revisions\/87498"}],"wp:featuredmedia":[{"embeddable":true,"href":"https:\/\/www.interaccionnoticias.com.mx\/index.php?rest_route=\/wp\/v2\/media\/83968"}],"wp:attachment":[{"href":"https:\/\/www.interaccionnoticias.com.mx\/index.php?rest_route=%2Fwp%2Fv2%2Fmedia&parent=87497"}],"wp:term":[{"taxonomy":"category","embeddable":true,"href":"https:\/\/www.interaccionnoticias.com.mx\/index.php?rest_route=%2Fwp%2Fv2%2Fcategories&post=87497"},{"taxonomy":"post_tag","embeddable":true,"href":"https:\/\/www.interaccionnoticias.com.mx\/index.php?rest_route=%2Fwp%2Fv2%2Ftags&post=87497"}],"curies":[{"name":"wp","href":"https:\/\/api.w.org\/{rel}","templated":true}]}}