{"id":87456,"date":"2025-02-11T13:21:07","date_gmt":"2025-02-11T19:21:07","guid":{"rendered":"https:\/\/www.interaccionnoticias.com.mx\/?p=87456"},"modified":"2025-02-11T13:21:09","modified_gmt":"2025-02-11T19:21:09","slug":"maestros-y-padres-de-familia-de-malinaltepec-bloquean-avenida-ruffo-figueroa","status":"publish","type":"post","link":"https:\/\/www.interaccionnoticias.com.mx\/?p=87456","title":{"rendered":"Maestros y padres de familia de Malinaltepec bloquean avenida Ruffo Figueroa"},"content":{"rendered":"\n<p><strong><em>&#8212; Denuncian que una patrulla de tr\u00e1nsito pretendi\u00f3 arrollarlos<br>&#8212; Llegaron a Chilpancingo por una reuni\u00f3n con el secretario de Educaci\u00f3n<\/em><\/strong><\/p>\n\n\n\n<p><strong>Rosario Garc\u00eda Orozco<\/strong><\/p>\n\n\n\n<p>Maestros y padres de familia de comunidades de Malinaltepec, bloquearon la avenida Ruffo Figueroa en protesta por lo que calificaron como una agresi\u00f3n directa por parte de una patrulla de tr\u00e1nsito municipal, contra manifestantes.<\/p>\n\n\n\n<p>Los inconformes llegaron a Chilpancingo para sostener una reuni\u00f3n con el Secretario de Educaci\u00f3n Guerrero (SEG), Ricardo Castillo Pe\u00f1a, a quien solicitan la asignaci\u00f3n de maestros para sus comunidades.<\/p>\n\n\n\n<p>Sin embargo, en el crucero de las avenidas L\u00e1zaro C\u00e1rdenas y Ruffo Figueroa se pasaron el alto y una patrulla de tr\u00e1nsito municipal, la 01, los infraccion\u00f3, les quit\u00f3 la licencia y tarjeta de circulaci\u00f3n.<\/p>\n\n\n\n<p>El agente de tr\u00e1nsito, de quien no tienen el nombre, les dijo que la multa era de poco m\u00e1s de dos mil pesos, lo que los manifestantes consideraron un exceso y se plantaron frente a la patrulla.<\/p>\n\n\n\n<p>En ese momento, dijeron, el agente les ech\u00f3 encima la unidad y \u201cpor poco atropella a tres mujeres\u201d, por lo que decidieron bloquear esa avenida en protesta por ese hecho y para exigir que les regresen la licencia y tarjeta de circulaci\u00f3n del veh\u00edculo fraccionado.<\/p>\n\n\n\n<p>La demanda inicial de los maestros y padres de Malinaltepec, municipio de La Monta\u00f1a, es la asignaci\u00f3n de 11 maestros para m\u00e1s de 200 estudiantes de preescolar y primaria de 4 comunidades.<\/p>\n","protected":false},"excerpt":{"rendered":"<p>&#8212; Denuncian que una patrulla de tr\u00e1nsito pretendi\u00f3 arrollarlos&#8212; Llegaron a Chilpancingo por una reuni\u00f3n con el secretario de Educaci\u00f3n Rosario Garc\u00eda Orozco Maestros y padres de familia de comunidades&hellip; <\/p>\n","protected":false},"author":14,"featured_media":87457,"comment_status":"open","ping_status":"open","sticky":false,"template":"","format":"standard","meta":{"fifu_image_url":"","fifu_image_alt":"","footnotes":""},"categories":[6],"tags":[],"class_list":["post-87456","post","type-post","status-publish","format-standard","has-post-thumbnail","hentry","category-educacion"],"_links":{"self":[{"href":"https:\/\/www.interaccionnoticias.com.mx\/index.php?rest_route=\/wp\/v2\/posts\/87456","targetHints":{"allow":["GET"]}}],"collection":[{"href":"https:\/\/www.interaccionnoticias.com.mx\/index.php?rest_route=\/wp\/v2\/posts"}],"about":[{"href":"https:\/\/www.interaccionnoticias.com.mx\/index.php?rest_route=\/wp\/v2\/types\/post"}],"author":[{"embeddable":true,"href":"https:\/\/www.interaccionnoticias.com.mx\/index.php?rest_route=\/wp\/v2\/users\/14"}],"replies":[{"embeddable":true,"href":"https:\/\/www.interaccionnoticias.com.mx\/index.php?rest_route=%2Fwp%2Fv2%2Fcomments&post=87456"}],"version-history":[{"count":1,"href":"https:\/\/www.interaccionnoticias.com.mx\/index.php?rest_route=\/wp\/v2\/posts\/87456\/revisions"}],"predecessor-version":[{"id":87458,"href":"https:\/\/www.interaccionnoticias.com.mx\/index.php?rest_route=\/wp\/v2\/posts\/87456\/revisions\/87458"}],"wp:featuredmedia":[{"embeddable":true,"href":"https:\/\/www.interaccionnoticias.com.mx\/index.php?rest_route=\/wp\/v2\/media\/87457"}],"wp:attachment":[{"href":"https:\/\/www.interaccionnoticias.com.mx\/index.php?rest_route=%2Fwp%2Fv2%2Fmedia&parent=87456"}],"wp:term":[{"taxonomy":"category","embeddable":true,"href":"https:\/\/www.interaccionnoticias.com.mx\/index.php?rest_route=%2Fwp%2Fv2%2Fcategories&post=87456"},{"taxonomy":"post_tag","embeddable":true,"href":"https:\/\/www.interaccionnoticias.com.mx\/index.php?rest_route=%2Fwp%2Fv2%2Ftags&post=87456"}],"curies":[{"name":"wp","href":"https:\/\/api.w.org\/{rel}","templated":true}]}}