{"id":87435,"date":"2025-02-10T16:26:58","date_gmt":"2025-02-10T22:26:58","guid":{"rendered":"https:\/\/www.interaccionnoticias.com.mx\/?p=87435"},"modified":"2025-02-10T16:27:00","modified_gmt":"2025-02-10T22:27:00","slug":"guerrero-no-es-un-santuario-para-mujeres","status":"publish","type":"post","link":"https:\/\/www.interaccionnoticias.com.mx\/?p=87435","title":{"rendered":"Guerrero no es un santuario para mujeres"},"content":{"rendered":"\n<p><strong><em>&#8212; En 2024 se registraron 729 desapariciones forzadas de mujeres: colectivas feministas<br>&#8212; Convocan a marcha el 8 de marzo para conmemorar el D\u00eda Internacional de la Mujer<\/em><\/strong><\/p>\n\n\n\n<p><strong>Rosario Garc\u00eda Orozco<\/strong><\/p>\n\n\n\n<p>Activistas feministas negaron que Guerrero sea un santuario para las mujeres, como lo ha declarado la gobernadora Evelyn Salgado Pineda, porque solo en 2024 se registraron 729 desapariciones forzadas de mujeres en la entidad.<\/p>\n\n\n\n<p>En conferencia de prensa, Angie de la Rosa Palafox, Ana Lidia Ram\u00edrez, Aneliz Faustino y Leslie Mendoza Guti\u00e9rrez, de las colectivas Guerreras Jaguar, Feministas del Sur, Red Metamorfosis y Ser Mujer, entre otras, lamentaron que la gobernadora Evelyn Salgado Pineda declare que Guerrero es un santuario para mujeres, \u00abpero en ning\u00fan santuario para las mujeres deber\u00eda haber familias en las que haga falta alguna hija, una hermana o una madre\u00bb.<\/p>\n\n\n\n<p>Dijeron que desde noviembre del 2024 empezaron a dar seguimiento al registro de las fichas de desaparecidas en la entidad, que mantiene una \u00abalarmante cifra\u00bb, adem\u00e1s de que la mayor parte de las mujeres reportadas como desaparecidas se encuentran en un rango de edad de los 15 a los 25 a\u00f1os de edad, \u00aby estamos preocupadas porque adem\u00e1s puedan ser v\u00edctimas de trata de personas\u00bb.<\/p>\n\n\n\n<p>Durante la conferencia de prensa, las representantes de las organizaciones feministas informaron que en el a\u00f1o 2022 se reportaron 690 casos de desaparici\u00f3n forzada de mujeres en Guerrero, en 2023 fueron 731, y en 2024 se registraron 729, por lo que exigieron a las autoridades estrategias efectivas para frenar esas cifras.<\/p>\n\n\n\n<p>Refirieron que los municipios de mayor registro de desaparici\u00f3n forzada de mujeres son Acapulco, Chilpancingo, Chilapa e Iguala, municipios que cuentan con alerta por violencia de g\u00e9nero.<\/p>\n\n\n\n<p>Lamentaron que las familias de desaparecidas tengan que padecer protocolos y tr\u00e1mites burocr\u00e1ticos, a pesar de las modificaciones a la ley, \u00abporque cuando vienen de comunidades alejadas se tienen que enfrentar al borocratismo y adem\u00e1s se pierde tiempo en lo que se trasladan hasta las ciudades m\u00e1s importantes para que las autoridades inicien con la b\u00fasqueda\u00bb.<\/p>\n\n\n\n<p>Desde diciembre del 2018 hasta agosto del 2024, Guerrero se ubic\u00f3 en el lugar 21 en la tabla nacional de feminicidios, con el registro de 91 casos, dijeron las activistas, quienes tambi\u00e9n exigieron un alto a la violencia feminicida.<\/p>\n\n\n\n<p>Anunciaron que llevar\u00e1n a cabo una marcha el pr\u00f3ximo 8 de marzo, en el marco de la conmemoraci\u00f3n del D\u00eda Internacional de la Mujer, en la que van a denunciar todos los casos de desaparici\u00f3n forzada de mujeres y los femincidios.<\/p>\n\n\n\n<p>La marcha tendr\u00e1 como punto de concentraci\u00f3n la Alameda Granados Maldonado de Chilpancingo, a las 3 de la tarde, y el c\u00f3digo de vestimenta ser\u00e1 en color morado, lila o verde.<\/p>\n","protected":false},"excerpt":{"rendered":"<p>&#8212; En 2024 se registraron 729 desapariciones forzadas de mujeres: colectivas feministas&#8212; Convocan a marcha el 8 de marzo para conmemorar el D\u00eda Internacional de la Mujer Rosario Garc\u00eda Orozco&hellip; <\/p>\n","protected":false},"author":14,"featured_media":87436,"comment_status":"open","ping_status":"open","sticky":false,"template":"","format":"standard","meta":{"fifu_image_url":"","fifu_image_alt":"","footnotes":""},"categories":[15],"tags":[],"class_list":["post-87435","post","type-post","status-publish","format-standard","has-post-thumbnail","hentry","category-movimientos-sociales"],"_links":{"self":[{"href":"https:\/\/www.interaccionnoticias.com.mx\/index.php?rest_route=\/wp\/v2\/posts\/87435","targetHints":{"allow":["GET"]}}],"collection":[{"href":"https:\/\/www.interaccionnoticias.com.mx\/index.php?rest_route=\/wp\/v2\/posts"}],"about":[{"href":"https:\/\/www.interaccionnoticias.com.mx\/index.php?rest_route=\/wp\/v2\/types\/post"}],"author":[{"embeddable":true,"href":"https:\/\/www.interaccionnoticias.com.mx\/index.php?rest_route=\/wp\/v2\/users\/14"}],"replies":[{"embeddable":true,"href":"https:\/\/www.interaccionnoticias.com.mx\/index.php?rest_route=%2Fwp%2Fv2%2Fcomments&post=87435"}],"version-history":[{"count":1,"href":"https:\/\/www.interaccionnoticias.com.mx\/index.php?rest_route=\/wp\/v2\/posts\/87435\/revisions"}],"predecessor-version":[{"id":87437,"href":"https:\/\/www.interaccionnoticias.com.mx\/index.php?rest_route=\/wp\/v2\/posts\/87435\/revisions\/87437"}],"wp:featuredmedia":[{"embeddable":true,"href":"https:\/\/www.interaccionnoticias.com.mx\/index.php?rest_route=\/wp\/v2\/media\/87436"}],"wp:attachment":[{"href":"https:\/\/www.interaccionnoticias.com.mx\/index.php?rest_route=%2Fwp%2Fv2%2Fmedia&parent=87435"}],"wp:term":[{"taxonomy":"category","embeddable":true,"href":"https:\/\/www.interaccionnoticias.com.mx\/index.php?rest_route=%2Fwp%2Fv2%2Fcategories&post=87435"},{"taxonomy":"post_tag","embeddable":true,"href":"https:\/\/www.interaccionnoticias.com.mx\/index.php?rest_route=%2Fwp%2Fv2%2Ftags&post=87435"}],"curies":[{"name":"wp","href":"https:\/\/api.w.org\/{rel}","templated":true}]}}