{"id":87431,"date":"2025-02-10T14:31:52","date_gmt":"2025-02-10T20:31:52","guid":{"rendered":"https:\/\/www.interaccionnoticias.com.mx\/?p=87431"},"modified":"2025-02-10T14:31:53","modified_gmt":"2025-02-10T20:31:53","slug":"regidor-del-prd-renuncia-a-su-militancia-de-7-anos-por-el-acercamiento-de-su-dirigencia-con-morena","status":"publish","type":"post","link":"https:\/\/www.interaccionnoticias.com.mx\/?p=87431","title":{"rendered":"Regidor del PRD renuncia a su militancia de 7 a\u00f1os, por el acercamiento de su dirigencia con MORENA"},"content":{"rendered":"\n<p><em><strong>&#8212; \u201cSe les olvida que ellos nos quitaron cuadros y cargos de elecci\u00f3n popular\u201d, dice Ernesto Franco P\u00e9rez<\/strong><\/em><\/p>\n\n\n\n<p><strong>Rogelio Agust\u00edn<\/strong><\/p>\n\n\n\n<p>El regidor de Chilpancingo, Ernesto Franco P\u00e9rez renunci\u00f3 a su militancia de 7 a\u00f1os en el PRD-Guerrero, molesto por los acercamientos que la dirigencia estatal a tenido con MORENA, partido que sostiene, \u201cle ha quitado al sol azteca cuadros, l\u00edderes territoriales y cargos de elecci\u00f3n popular\u201d.<\/p>\n\n\n\n<p>La jornada del lunes 10 de febrero, el regidor Franco P\u00e9rez, integrante de Izquierda Progresista Guerrerense (IPG), corriente que dirige el ex gobernador \u00c1ngel Aguirre Rivero public\u00f3 un comunicado en el que da a conocer una decisi\u00f3n que asegura: \u201cNo ha sido f\u00e1cil, pero considero necesaria, despu\u00e9s de 7 a\u00f1os de militancia en el PRD\u201d.<\/p>\n\n\n\n<p>Indica: \u201cHe decidido presentar mi renuncia\u201d.<\/p>\n\n\n\n<p>El regidor en la capital del estado manifiesta que se encuentra agradecido por las oportunidades que el partido del sol azteca le otorg\u00f3, adem\u00e1s del aprendizaje obtenido al estar en contacto permanente con la gente.<\/p>\n\n\n\n<p>Sin embargo apunta: \u201cNo comparto la ruta pol\u00edtica que el PRD ha tomado en los \u00faltimos d\u00edas, especialmente al intentar aliarse con otros partidos pol\u00edticos sin consultar a su militancia ni tomar en cuenta a sus cuadros pol\u00edticos, que hemos trabajado arduamente desde las bases\u201d.<\/p>\n\n\n\n<p>Explica: \u201cNo podemos aplaudir las decisiones y pol\u00edticas del gobierno en turno, cuando apenas hace seis meses \u00e9ramos sus principales cr\u00edticos y opositores\u201d.<\/p>\n\n\n\n<p>Indica: \u201cAl menos a mi no se me olvida que hice campa\u00f1a contra MORENA, ahora quieren ser sus aliados o al menos eso intenta la dirigencia, a eso se llama falta de congruencia\u201d.<\/p>\n\n\n\n<p>Reprocha que se quiera vender la idea de que siendo el PRD un partido que se reivindica como de izquierda, siempre tuvo que estar aliado con MORENA, en tanto que la alianza con el PRI y el PAN constituye un error hist\u00f3rico.<\/p>\n\n\n\n<p>\u201cPareciera que se les olvid\u00f3 que fue precisamente MORENA quienes nos quitaron cuadros, l\u00edderes territoriales y por su puesto, cargos de elecci\u00f3n popular\u201d.<\/p>\n\n\n\n<figure class=\"wp-block-gallery has-nested-images columns-default is-cropped wp-block-gallery-1 is-layout-flex wp-block-gallery-is-layout-flex\">\n<figure class=\"wp-block-image size-large\"><img decoding=\"async\" src=\"data:image\/gif;base64,R0lGODlhAQABAIAAAAAAAP\/\/\/ywAAAAAAQABAAACAUwAOw==\" fifu-lazy=\"1\" fifu-data-sizes=\"auto\" fifu-data-srcset=\"https:\/\/i2.wp.com\/www.interaccionnoticias.com.mx\/wp-content\/uploads\/2025\/02\/250210-Ernesto-Franco-Perez-622x1024.jpg?ssl=1&w=75&resize=75&ssl=1 75w, https:\/\/i2.wp.com\/www.interaccionnoticias.com.mx\/wp-content\/uploads\/2025\/02\/250210-Ernesto-Franco-Perez-622x1024.jpg?ssl=1&w=100&resize=100&ssl=1 100w, https:\/\/i2.wp.com\/www.interaccionnoticias.com.mx\/wp-content\/uploads\/2025\/02\/250210-Ernesto-Franco-Perez-622x1024.jpg?ssl=1&w=150&resize=150&ssl=1 150w, https:\/\/i2.wp.com\/www.interaccionnoticias.com.mx\/wp-content\/uploads\/2025\/02\/250210-Ernesto-Franco-Perez-622x1024.jpg?ssl=1&w=240&resize=240&ssl=1 240w, https:\/\/i2.wp.com\/www.interaccionnoticias.com.mx\/wp-content\/uploads\/2025\/02\/250210-Ernesto-Franco-Perez-622x1024.jpg?ssl=1&w=320&resize=320&ssl=1 320w, https:\/\/i2.wp.com\/www.interaccionnoticias.com.mx\/wp-content\/uploads\/2025\/02\/250210-Ernesto-Franco-Perez-622x1024.jpg?ssl=1&w=500&resize=500&ssl=1 500w, https:\/\/i2.wp.com\/www.interaccionnoticias.com.mx\/wp-content\/uploads\/2025\/02\/250210-Ernesto-Franco-Perez-622x1024.jpg?ssl=1&w=640&resize=640&ssl=1 640w, https:\/\/i2.wp.com\/www.interaccionnoticias.com.mx\/wp-content\/uploads\/2025\/02\/250210-Ernesto-Franco-Perez-622x1024.jpg?ssl=1&w=800&resize=800&ssl=1 800w, https:\/\/i2.wp.com\/www.interaccionnoticias.com.mx\/wp-content\/uploads\/2025\/02\/250210-Ernesto-Franco-Perez-622x1024.jpg?ssl=1&w=1024&resize=1024&ssl=1 1024w, https:\/\/i2.wp.com\/www.interaccionnoticias.com.mx\/wp-content\/uploads\/2025\/02\/250210-Ernesto-Franco-Perez-622x1024.jpg?ssl=1&w=1280&resize=1280&ssl=1 1280w, https:\/\/i2.wp.com\/www.interaccionnoticias.com.mx\/wp-content\/uploads\/2025\/02\/250210-Ernesto-Franco-Perez-622x1024.jpg?ssl=1&w=1600&resize=1600&ssl=1 1600w\" data-id=\"87432\" fifu-data-src=\"https:\/\/i2.wp.com\/www.interaccionnoticias.com.mx\/wp-content\/uploads\/2025\/02\/250210-Ernesto-Franco-Perez-622x1024.jpg?ssl=1\" alt=\"\" class=\"wp-image-87432\"\/><\/figure>\n<\/figure>\n","protected":false},"excerpt":{"rendered":"<p>&#8212; \u201cSe les olvida que ellos nos quitaron cuadros y cargos de elecci\u00f3n popular\u201d, dice Ernesto Franco P\u00e9rez Rogelio Agust\u00edn El regidor de Chilpancingo, Ernesto Franco P\u00e9rez renunci\u00f3 a su&hellip; <\/p>\n","protected":false},"author":21,"featured_media":87433,"comment_status":"open","ping_status":"open","sticky":false,"template":"","format":"standard","meta":{"fifu_image_url":"","fifu_image_alt":"","footnotes":""},"categories":[21],"tags":[],"class_list":["post-87431","post","type-post","status-publish","format-standard","has-post-thumbnail","hentry","category-politica"],"_links":{"self":[{"href":"https:\/\/www.interaccionnoticias.com.mx\/index.php?rest_route=\/wp\/v2\/posts\/87431","targetHints":{"allow":["GET"]}}],"collection":[{"href":"https:\/\/www.interaccionnoticias.com.mx\/index.php?rest_route=\/wp\/v2\/posts"}],"about":[{"href":"https:\/\/www.interaccionnoticias.com.mx\/index.php?rest_route=\/wp\/v2\/types\/post"}],"author":[{"embeddable":true,"href":"https:\/\/www.interaccionnoticias.com.mx\/index.php?rest_route=\/wp\/v2\/users\/21"}],"replies":[{"embeddable":true,"href":"https:\/\/www.interaccionnoticias.com.mx\/index.php?rest_route=%2Fwp%2Fv2%2Fcomments&post=87431"}],"version-history":[{"count":1,"href":"https:\/\/www.interaccionnoticias.com.mx\/index.php?rest_route=\/wp\/v2\/posts\/87431\/revisions"}],"predecessor-version":[{"id":87434,"href":"https:\/\/www.interaccionnoticias.com.mx\/index.php?rest_route=\/wp\/v2\/posts\/87431\/revisions\/87434"}],"wp:featuredmedia":[{"embeddable":true,"href":"https:\/\/www.interaccionnoticias.com.mx\/index.php?rest_route=\/wp\/v2\/media\/87433"}],"wp:attachment":[{"href":"https:\/\/www.interaccionnoticias.com.mx\/index.php?rest_route=%2Fwp%2Fv2%2Fmedia&parent=87431"}],"wp:term":[{"taxonomy":"category","embeddable":true,"href":"https:\/\/www.interaccionnoticias.com.mx\/index.php?rest_route=%2Fwp%2Fv2%2Fcategories&post=87431"},{"taxonomy":"post_tag","embeddable":true,"href":"https:\/\/www.interaccionnoticias.com.mx\/index.php?rest_route=%2Fwp%2Fv2%2Ftags&post=87431"}],"curies":[{"name":"wp","href":"https:\/\/api.w.org\/{rel}","templated":true}]}}