{"id":87408,"date":"2025-02-10T13:32:00","date_gmt":"2025-02-10T19:32:00","guid":{"rendered":"https:\/\/www.interaccionnoticias.com.mx\/?p=87408"},"modified":"2025-02-10T13:32:02","modified_gmt":"2025-02-10T19:32:02","slug":"prioritario-trabajar-por-la-unidad-en-morena-guerrero-y-no-adelantar-la-sucesion","status":"publish","type":"post","link":"https:\/\/www.interaccionnoticias.com.mx\/?p=87408","title":{"rendered":"Prioritario, trabajar por la unidad en MORENA-Guerrero y no adelantar la sucesi\u00f3n"},"content":{"rendered":"\n<p><strong><em>&#8212; Ya habr\u00e1 tiempo para la toma de decisiones respecto a la gubernatura, dice el presidente de la JUCOPO en el Congreso local<br>&#8212; Jes\u00fas Uri\u00f3stegui Garc\u00eda recuerda que todav\u00eda faltan m\u00e1s de dos a\u00f1os para la elecci\u00f3n de gobernador en Guerrero<\/em><\/strong><\/p>\n\n\n\n<p><strong>Rogelio Agust\u00edn<\/strong><\/p>\n\n\n\n<p>El presidente de la Junta de Coordinaci\u00f3n Pol\u00edtica (JUCOPO) del Congreso local, Jes\u00fas Uri\u00f3stegui Garc\u00eda llam\u00f3 a los actores internos de morena a trabajar en torno a la unidad, ya que todav\u00eda falta mucho para la toma de decisiones respecto al proceso electoral de 2027.<\/p>\n\n\n\n<p>V\u00eda telef\u00f3nica, Uri\u00f3stegui Garc\u00eda respald\u00f3 el comunicado emitido por el Consejo Estatal del partido en Guerrero, respecto a que estos son momentos de unidad y de cerrar filas en torno a la administraci\u00f3n p\u00fablica estatal, que encabeza la gobernadora Evelyn Salgado Pineda y la presidenta de la Rep\u00fablica, Claudia Sheinbaum Pardo.<\/p>\n\n\n\n<p>\u201cNosotros consideramos que es momento se estar unidos, a\u00fan falta mucho tiempo, estamos en la segunda mitad de la gobernadora Evelyn Salgado, venimos saliendo de las afectaciones que provocaron los huracanes Otis (2023) y John (2024) y lo que debemos hacer es trabajar por Guerrero\u201d, anot\u00f3.<\/p>\n\n\n\n<p>Indic\u00f3 que adelantar un proceso para el que todav\u00eda faltan m\u00e1s de dos a\u00f1os, en estos momentos no es correcto y se debe actuar con madurez.<\/p>\n\n\n\n<p>Respect\u00f3 a las reformas contra la reelecci\u00f3n y el nepotismo, consider\u00f3 que se debe revisar muy bien los t\u00e9rminos en que se presenta, discute y finalmente aprueba, particularmente como quedan redactados al final los art\u00edculos transitorios, para a partir de ah\u00ed tener un an\u00e1lisis puntual de sus implicaciones.<\/p>\n\n\n\n<p>En contraste con la efervescencia que gener\u00f3 en Guerrero la iniciativa contra el nepotismo, que entrar\u00eda en vigencia a partir de 2027, cuando haya elecciones de gobernador en Guerrero, destac\u00f3 que hay asuntos m\u00e1s apremiantes que se deben procesar, como los temas de la Secretar\u00eda de Bienestar, los servicios de salud que actualmente se enfrentan, la seguridad p\u00fablica, el campo y el sector educativo.<\/p>\n\n\n\n<p>Indic\u00f3: \u201cGuerrero merece una clase pol\u00edtica que permita que el pueblo decida, hay temas que se deben tratar con mucha cautela, ya habr\u00e1 momentos, pero ahora nos toca trabajar en unidad y debemos estar con la gobernadora\u201d.<\/p>\n\n\n\n<p>Estableci\u00f3 como ejemplo lo que pasa en el Congreso, donde desde el arranque de la 64 Legislatura local, se has generado consensos que permiten desahogar los temas que se encuentran en la agenda de dicho por poder p\u00fablico.<\/p>\n\n\n\n<p>Por eso insisti\u00f3: \u201cLas aspiraciones son respetables, pero hay trabajos importantes, como el proceso de afiliaci\u00f3n al partido que debe ser muy amplio\u201d.<\/p>\n\n\n\n<p>Se refiri\u00f3 a F\u00e9lix Salgado Macedonio como un hombre que tiene una amplia historia en Guerrero y el pa\u00eds, que ha vivido momentos muy complicados en diferentes etapas, pero que ha encontrado la manera de mantenerse vigente\u201d.<\/p>\n","protected":false},"excerpt":{"rendered":"<p>&#8212; Ya habr\u00e1 tiempo para la toma de decisiones respecto a la gubernatura, dice el presidente de la JUCOPO en el Congreso local&#8212; Jes\u00fas Uri\u00f3stegui Garc\u00eda recuerda que todav\u00eda faltan&hellip; <\/p>\n","protected":false},"author":21,"featured_media":87409,"comment_status":"open","ping_status":"open","sticky":false,"template":"","format":"standard","meta":{"fifu_image_url":"","fifu_image_alt":"","footnotes":""},"categories":[2],"tags":[],"class_list":["post-87408","post","type-post","status-publish","format-standard","has-post-thumbnail","hentry","category-congreso"],"_links":{"self":[{"href":"https:\/\/www.interaccionnoticias.com.mx\/index.php?rest_route=\/wp\/v2\/posts\/87408","targetHints":{"allow":["GET"]}}],"collection":[{"href":"https:\/\/www.interaccionnoticias.com.mx\/index.php?rest_route=\/wp\/v2\/posts"}],"about":[{"href":"https:\/\/www.interaccionnoticias.com.mx\/index.php?rest_route=\/wp\/v2\/types\/post"}],"author":[{"embeddable":true,"href":"https:\/\/www.interaccionnoticias.com.mx\/index.php?rest_route=\/wp\/v2\/users\/21"}],"replies":[{"embeddable":true,"href":"https:\/\/www.interaccionnoticias.com.mx\/index.php?rest_route=%2Fwp%2Fv2%2Fcomments&post=87408"}],"version-history":[{"count":1,"href":"https:\/\/www.interaccionnoticias.com.mx\/index.php?rest_route=\/wp\/v2\/posts\/87408\/revisions"}],"predecessor-version":[{"id":87410,"href":"https:\/\/www.interaccionnoticias.com.mx\/index.php?rest_route=\/wp\/v2\/posts\/87408\/revisions\/87410"}],"wp:featuredmedia":[{"embeddable":true,"href":"https:\/\/www.interaccionnoticias.com.mx\/index.php?rest_route=\/wp\/v2\/media\/87409"}],"wp:attachment":[{"href":"https:\/\/www.interaccionnoticias.com.mx\/index.php?rest_route=%2Fwp%2Fv2%2Fmedia&parent=87408"}],"wp:term":[{"taxonomy":"category","embeddable":true,"href":"https:\/\/www.interaccionnoticias.com.mx\/index.php?rest_route=%2Fwp%2Fv2%2Fcategories&post=87408"},{"taxonomy":"post_tag","embeddable":true,"href":"https:\/\/www.interaccionnoticias.com.mx\/index.php?rest_route=%2Fwp%2Fv2%2Ftags&post=87408"}],"curies":[{"name":"wp","href":"https:\/\/api.w.org\/{rel}","templated":true}]}}