{"id":87392,"date":"2025-02-10T10:42:11","date_gmt":"2025-02-10T16:42:11","guid":{"rendered":"https:\/\/www.interaccionnoticias.com.mx\/?p=87392"},"modified":"2025-02-10T10:42:13","modified_gmt":"2025-02-10T16:42:13","slug":"ya-voto-claudia","status":"publish","type":"post","link":"https:\/\/www.interaccionnoticias.com.mx\/?p=87392","title":{"rendered":"Ya vot\u00f3 Claudia"},"content":{"rendered":"\n<p><strong>David Mart\u00ednez T\u00e9llez<\/strong><\/p>\n\n\n\n<p><em><strong>Analilsta pol\u00edtico, comunic\u00f3logo y acad\u00e9mico UAGro<\/strong><\/em><\/p>\n\n\n\n<p>No, no son tiempos electorales; pero s\u00ed pol\u00edticos. Las maneras de hacer pol\u00edtica son perennes.<\/p>\n\n\n\n<p>Como ejemplo, Guerrero. La entidad con grandes rezagos en distintos rubros: econ\u00f3mico y educativo. Cultural, no; por sus diversas formas de manifestarse con tradiciones. Tampoco en exponer su perfiles pol\u00edticos.<\/p>\n\n\n\n<p>En tiempos priistas, la clase pol\u00edtica, nos inundaba con la leyenda \u201ces la entidad con mas votos para ese partido\u201d. Cambi\u00f3 de color en el poder y sigue la misma superstici\u00f3n.<\/p>\n\n\n\n<p>Anteriormente se rumoraba que quienes ten\u00edan el poder decid\u00edan qui\u00e9n iba a gobernar. Que no hab\u00eda democracia. Ahora que convencidos en que la mayor\u00eda decide porque ejerce su voto, el m\u00e9todo unipersonal contin\u00faa.<\/p>\n\n\n\n<p>Los morenistas catequizados repiten \u201ccon el voto la gente decide qui\u00e9n va a ser el gobernador o la nueva mandataria\u201d.<\/p>\n\n\n\n<p>El senador F\u00e9lix Salgado Macedonio, padre de la actual gobernadora, a mitad de periodo se lanza por la sucesi\u00f3n. Le siguen el juego la senadora Beatriz Mojica Morga y Rub\u00e9n Cayetano Garc\u00eda (mano derecha de Gerardo Fern\u00e1ndez Noro\u00f1a). El coordinador del Congreso del Estado de Guerrero Jes\u00fas Uri\u00f3stegui y l\u00edder de la bancada morenista advierte que campa\u00f1as adelantadas debilitan a quien gobierna, en referencia a Evelin Salgado Pineda.<\/p>\n\n\n\n<p>Cada facci\u00f3n morenista en campa\u00f1a comienza a estructurar sus alianzas. Hasta aqu\u00ed, de acuerdo a la democracia morenista, ganar\u00eda quien consolide mayor simpat\u00eda.<\/p>\n\n\n\n<p>Toma delantera Salgado Macedonio cuando el 5 de febrero la presidenta Claudia Sheinbaum anuncia que sus iniciativas \u2013pronunciadas en campa\u00f1a- de ley (Nepotismo y Reelecci\u00f3n) se discutir\u00edan en 2030, al final de su periodo presidencial. Espaldarazo al senador F\u00e9lix, quien recibe m\u00e1s adhesiones.<\/p>\n\n\n\n<p>Trump amenaza con elevar aranceles comerciales a M\u00e9xico. Se re\u00fanen los presidentes de ambas naciones. En estas conversaciones se dan acuerdos p\u00fablicos y tambi\u00e9n est\u00e1n los pactos privados. Se conoce pr\u00f3rroga a la amenaza de aranceles.<\/p>\n\n\n\n<p>El 7 de febrero la presidenta Sheinbaum anuncia que el tema Nepotismo se va a debatir en estos d\u00edas (ya se entreg\u00f3 al Senado y se anuncia su discusi\u00f3n este martes 12). Y que la tem\u00e1tica Reelecci\u00f3n se presentar\u00e1 en 2030.<\/p>\n\n\n\n<p>Esta decisi\u00f3n o voto de la presidenta le da en la mera frente al senador F\u00e9lix. Pero, todav\u00eda falta ver qu\u00e9 grupo morenista tiene m\u00e1s fuerza. Si el del ex presidente o la presidenta. Por el momento ya vot\u00f3 Claudia y se realine\u00f3 la simpat\u00eda.<\/p>\n","protected":false},"excerpt":{"rendered":"<p>David Mart\u00ednez T\u00e9llez Analilsta pol\u00edtico, comunic\u00f3logo y acad\u00e9mico UAGro No, no son tiempos electorales; pero s\u00ed pol\u00edticos. Las maneras de hacer pol\u00edtica son perennes. Como ejemplo, Guerrero. La entidad con&hellip; <\/p>\n","protected":false},"author":27,"featured_media":82316,"comment_status":"open","ping_status":"open","sticky":false,"template":"","format":"standard","meta":{"fifu_image_url":"","fifu_image_alt":"","footnotes":""},"categories":[16],"tags":[],"class_list":["post-87392","post","type-post","status-publish","format-standard","has-post-thumbnail","hentry","category-opinion"],"_links":{"self":[{"href":"https:\/\/www.interaccionnoticias.com.mx\/index.php?rest_route=\/wp\/v2\/posts\/87392","targetHints":{"allow":["GET"]}}],"collection":[{"href":"https:\/\/www.interaccionnoticias.com.mx\/index.php?rest_route=\/wp\/v2\/posts"}],"about":[{"href":"https:\/\/www.interaccionnoticias.com.mx\/index.php?rest_route=\/wp\/v2\/types\/post"}],"author":[{"embeddable":true,"href":"https:\/\/www.interaccionnoticias.com.mx\/index.php?rest_route=\/wp\/v2\/users\/27"}],"replies":[{"embeddable":true,"href":"https:\/\/www.interaccionnoticias.com.mx\/index.php?rest_route=%2Fwp%2Fv2%2Fcomments&post=87392"}],"version-history":[{"count":1,"href":"https:\/\/www.interaccionnoticias.com.mx\/index.php?rest_route=\/wp\/v2\/posts\/87392\/revisions"}],"predecessor-version":[{"id":87393,"href":"https:\/\/www.interaccionnoticias.com.mx\/index.php?rest_route=\/wp\/v2\/posts\/87392\/revisions\/87393"}],"wp:featuredmedia":[{"embeddable":true,"href":"https:\/\/www.interaccionnoticias.com.mx\/index.php?rest_route=\/wp\/v2\/media\/82316"}],"wp:attachment":[{"href":"https:\/\/www.interaccionnoticias.com.mx\/index.php?rest_route=%2Fwp%2Fv2%2Fmedia&parent=87392"}],"wp:term":[{"taxonomy":"category","embeddable":true,"href":"https:\/\/www.interaccionnoticias.com.mx\/index.php?rest_route=%2Fwp%2Fv2%2Fcategories&post=87392"},{"taxonomy":"post_tag","embeddable":true,"href":"https:\/\/www.interaccionnoticias.com.mx\/index.php?rest_route=%2Fwp%2Fv2%2Ftags&post=87392"}],"curies":[{"name":"wp","href":"https:\/\/api.w.org\/{rel}","templated":true}]}}