{"id":87387,"date":"2025-02-09T17:44:53","date_gmt":"2025-02-09T23:44:53","guid":{"rendered":"https:\/\/www.interaccionnoticias.com.mx\/?p=87387"},"modified":"2025-02-09T17:44:56","modified_gmt":"2025-02-09T23:44:56","slug":"es-contradictoria-la-iniciativa-del-gobierno-federal-de-prohibir-la-siembra-de-maiz-transgenico","status":"publish","type":"post","link":"https:\/\/www.interaccionnoticias.com.mx\/?p=87387","title":{"rendered":"Es contradictoria la iniciativa del gobierno federal de prohibir la siembra de ma\u00edz transg\u00e9nico"},"content":{"rendered":"\n<p><em><strong>&#8212; Evencio Romero asegur\u00f3 que no tiene caso esa prohibici\u00f3n si el gobierno mexicano autoriz\u00f3 la importaci\u00f3n de 25 millones de ma\u00edz gen\u00e9tica mente alterado<\/strong><\/em><\/p>\n\n\n\n<p><strong>Rosario Garc\u00eda Orozco<\/strong><\/p>\n\n\n\n<p>El dirigente de la Liga de Comunidades Agrarias y Sindicatos Campesinos, Evencio Romero Sotelo, consider\u00f3 contradictoria la iniciativa de Ley para prohibir la siembra de ma\u00edz transg\u00e9nico, que el gobierno federal pretende enviar al Congreso de la Uni\u00f3n, cuando este a\u00f1o ser\u00e1n importados 25 millones de toneladas de ma\u00edz gen\u00e9ticamente alterado.<\/p>\n\n\n\n<p>El dirigente campesino inform\u00f3 que de acuerdo a datos del Consejo Nacional Agropecuario, hasta el a\u00f1o pasado M\u00e9xico import\u00f3 17 millones de toneladas de ma\u00edz transg\u00e9nico, pero que este 2025 ya se est\u00e1n importando 25 millones de toneladas de esa variedad de ma\u00edz, lo cual ya est\u00e1 autorizado por el titular de la Secretar\u00eda de Econom\u00eda del Gobierno de la Rep\u00fablica, Marcelo Ebrard Casaub\u00f3n.<\/p>\n\n\n\n<p>Explic\u00f3 que el acuerdo por el cual se importar\u00e1n 25 millones de toneladas de ma\u00edz transg\u00e9nico fue publicado el 5 de diciembre del 2024 en el Diario Oficial de la Federaci\u00f3n.<\/p>\n\n\n\n<p>Asegur\u00f3 que con el consumo de ma\u00edz transg\u00e9nico por parte de la poblaci\u00f3n, el sistema de salud en M\u00e9xico no se dar\u00e1 abasto para atender las enfermedades que genera ese producto gen\u00e9ticamente alterado como diabetes, enfermedades renales, c\u00e1ncer linf\u00e1tico, leucemia, enfermedades del h\u00edgado, \u201cesta informaci\u00f3n la doy porque consult\u00e9 a un paisano que est\u00e1 en la FAO (Organizaci\u00f3n de las Naciones Unidas para la Agricultura y la Alimentaci\u00f3n) a quien consult\u00e9 todo lo concerniente al tema, aparte de que este producto le da en la madre al medio ambiente\u201d.<\/p>\n\n\n\n<p>Insisti\u00f3 en que esa situaci\u00f3n es grave, porque en M\u00e9xico el ma\u00edz transg\u00e9nico es utilizado tanto como forraje para alimentar al ganado, para la elaboraci\u00f3n de tortilla, y m\u00e1s ahora que la producci\u00f3n de ma\u00edz se cay\u00f3 debido a la falta de apoyo del gobierno al campo, empeora el futuro de M\u00e9xico.<\/p>\n\n\n\n<p>\u201cEs un hecho que baj\u00f3 la producci\u00f3n, aunque digan que en Guerrero alcanz\u00f3 m\u00e1s de un mill\u00f3n de toneladas de ma\u00edz, es mentira; a nivel nacional baj\u00f3 a m\u00e1s del 50 por ciento la producci\u00f3n de ma\u00edz, hay un d\u00e9ficit importante de ma\u00edz\u201d, que es un producto b\u00e1sico para la alimentaci\u00f3n de los mexicanos.<\/p>\n\n\n\n<p>Sostuvo que otro problema que acarrea la producci\u00f3n de ma\u00edz transg\u00e9nico es que inhabilita las tierras de cultivo y provoca desastres ecol\u00f3gicos como la muerte de mariposas y abejas.<\/p>\n\n\n\n<p>Por lo que consider\u00f3 necesario que el gobierno de M\u00e9xico analice m\u00e1s el tema, y es que debido a que el ma\u00edz transg\u00e9nico ya inund\u00f3 M\u00e9xico y este a\u00f1o ser\u00e1n importadas 25 millones de toneladas de este producto, \u00ab\u00bfc\u00f3mo pretende la presidenta Claudia Sheinbaum enviar una iniciativa de Ley al Congreso de la Uni\u00f3n para prohibir, seg\u00fan ella, la siembra de este producto? , si est\u00e1 metiendo ma\u00edz transg\u00e9nico, es una contradicci\u00f3n; de nada sirve que proh\u00edba la siembra cuando estas incorporando un chingo de productos transg\u00e9nicos\u201d.<\/p>\n","protected":false},"excerpt":{"rendered":"<p>&#8212; Evencio Romero asegur\u00f3 que no tiene caso esa prohibici\u00f3n si el gobierno mexicano autoriz\u00f3 la importaci\u00f3n de 25 millones de ma\u00edz gen\u00e9tica mente alterado Rosario Garc\u00eda Orozco El dirigente&hellip; <\/p>\n","protected":false},"author":14,"featured_media":82586,"comment_status":"open","ping_status":"open","sticky":false,"template":"","format":"standard","meta":{"fifu_image_url":"","fifu_image_alt":"","footnotes":""},"categories":[11],"tags":[],"class_list":["post-87387","post","type-post","status-publish","format-standard","has-post-thumbnail","hentry","category-guerrero"],"_links":{"self":[{"href":"https:\/\/www.interaccionnoticias.com.mx\/index.php?rest_route=\/wp\/v2\/posts\/87387","targetHints":{"allow":["GET"]}}],"collection":[{"href":"https:\/\/www.interaccionnoticias.com.mx\/index.php?rest_route=\/wp\/v2\/posts"}],"about":[{"href":"https:\/\/www.interaccionnoticias.com.mx\/index.php?rest_route=\/wp\/v2\/types\/post"}],"author":[{"embeddable":true,"href":"https:\/\/www.interaccionnoticias.com.mx\/index.php?rest_route=\/wp\/v2\/users\/14"}],"replies":[{"embeddable":true,"href":"https:\/\/www.interaccionnoticias.com.mx\/index.php?rest_route=%2Fwp%2Fv2%2Fcomments&post=87387"}],"version-history":[{"count":1,"href":"https:\/\/www.interaccionnoticias.com.mx\/index.php?rest_route=\/wp\/v2\/posts\/87387\/revisions"}],"predecessor-version":[{"id":87388,"href":"https:\/\/www.interaccionnoticias.com.mx\/index.php?rest_route=\/wp\/v2\/posts\/87387\/revisions\/87388"}],"wp:featuredmedia":[{"embeddable":true,"href":"https:\/\/www.interaccionnoticias.com.mx\/index.php?rest_route=\/wp\/v2\/media\/82586"}],"wp:attachment":[{"href":"https:\/\/www.interaccionnoticias.com.mx\/index.php?rest_route=%2Fwp%2Fv2%2Fmedia&parent=87387"}],"wp:term":[{"taxonomy":"category","embeddable":true,"href":"https:\/\/www.interaccionnoticias.com.mx\/index.php?rest_route=%2Fwp%2Fv2%2Fcategories&post=87387"},{"taxonomy":"post_tag","embeddable":true,"href":"https:\/\/www.interaccionnoticias.com.mx\/index.php?rest_route=%2Fwp%2Fv2%2Ftags&post=87387"}],"curies":[{"name":"wp","href":"https:\/\/api.w.org\/{rel}","templated":true}]}}