{"id":87379,"date":"2025-02-09T16:58:25","date_gmt":"2025-02-09T22:58:25","guid":{"rendered":"https:\/\/www.interaccionnoticias.com.mx\/?p=87379"},"modified":"2025-02-09T16:58:27","modified_gmt":"2025-02-09T22:58:27","slug":"el-ine-contara-con-el-micrositio-conoceles-para-aspirantes-a-cargos-del-poder-judicial","status":"publish","type":"post","link":"https:\/\/www.interaccionnoticias.com.mx\/?p=87379","title":{"rendered":"El INE contar\u00e1 con el micrositio \u00abCon\u00f3celes\u00bb para aspirantes a cargos del Poder Judicial"},"content":{"rendered":"\n<p><strong><em>&#8212; De esa manera los ciudadanos podr\u00e1n conocer los perfiles de quienes participar\u00e1n en la elecci\u00f3n del 1 de junio<\/em><\/strong><\/p>\n\n\n\n<p><strong>Rosario Garc\u00eda Orozco<\/strong><\/p>\n\n\n\n<p>El Instituto Nacional Electoral (INE) contar\u00e1 con el micrositio \u00abCon\u00f3celes\u00bb, en el que los aspirantes a cargos del Poder Judicial podr\u00e1n subir sus perfiles, y la ciudadan\u00eda tendr\u00e1 la posibilidad de consultar la informaci\u00f3n que requieran para votar en la elecci\u00f3n que se llevar\u00e1 a cabo el pr\u00f3ximo 1 de junio.<\/p>\n\n\n\n<p>As\u00ed lo inform\u00f3 el vocal ejecutivo del INE Guerrero, Donaciano Mu\u00f1oz Loyola, quien agreg\u00f3 que en ese micrositio es similar al que se ha utilizado en la elecci\u00f3n de Presidente de la Rep\u00fablica, senadores y diputados federales, pero ahora aplicado al proceso electoral judicial.<\/p>\n\n\n\n<p>En ese espacio digital, \u00abcada candidato o candidata va a poder hacer una s\u00edntesis de su curr\u00edculum y ellos mismos lo van a poder subir a la plataforma, de tal manera que la ciudadan\u00eda pueda saber d\u00f3nde estudi\u00f3 la carrera de derecho, d\u00f3nde hizo alg\u00fan tipo de postgrado, en d\u00f3nde ha trabajado, qu\u00e9 planteamientos tiene respecto a la impartici\u00f3n de justicia y una serie de informaci\u00f3n que le permita al elector identificar de qui\u00e9n se trata y si es la persona a la que va a darle su voto\u00bb, expres\u00f3 el funcionario electoral federal.<\/p>\n\n\n\n<p>Agreg\u00f3 que ese micrositio se activar\u00e1 cuando den inicio las campa\u00f1as electorales, que iniciar\u00e1n a finales del mes de marzo, aunque a\u00fan no se tiene precisi\u00f3n de la fecha exacta, \u00abeso es algo que estamos afinando\u00bb.<\/p>\n\n\n\n<p>Mu\u00f1oz Loyola explic\u00f3 que en Guerrero se van a elegir 39 cargos del Poder Judicial, 9 ser\u00e1n para la integraci\u00f3n de la Suprema Corte de Justicia de la Naci\u00f3n, que de 11 integrantes, ahora ser\u00e1 conformada por 9, 5 de ellos deber\u00e1n ser mujeres; adem\u00e1s de las Magistraturas del Tribunal de Disciplina Judicial que son 5, de los cuales 3 son mujeres; 2 espacios para la Sala Superior del Tribunal Electoral; 3 espacios para la Sala Regional; 10 magistrados de Circuito y 10 juezas y jueces de distrito.<\/p>\n\n\n\n<p>Acept\u00f3 que a pesar de que el INE \u00abya tiene un andamiaje para poder realizar elecciones\u00bb, s\u00ed representa todo un reto, porque hasta ahora se han realizado elecciones de dos de los poderes, \u00abpero esto nos representa un reto mayor y un compromiso con la ciudadan\u00eda\u00bb.<\/p>\n\n\n\n<p>Para el ejercicio electoral que se va a llevar a cabo en junio pr\u00f3ximo, dijo Donaciano Mu\u00f1oz, ya se capacita a los supervisores, supervisoras y capacitadores y capacitadoras electorales, \u00abporque son nuestros principales voceros, son quienes van a capacitar a los funcionarios de casilla\u00bb.<\/p>\n","protected":false},"excerpt":{"rendered":"<p>&#8212; De esa manera los ciudadanos podr\u00e1n conocer los perfiles de quienes participar\u00e1n en la elecci\u00f3n del 1 de junio Rosario Garc\u00eda Orozco El Instituto Nacional Electoral (INE) contar\u00e1 con&hellip; <\/p>\n","protected":false},"author":14,"featured_media":87380,"comment_status":"open","ping_status":"open","sticky":false,"template":"","format":"standard","meta":{"fifu_image_url":"","fifu_image_alt":"","footnotes":""},"categories":[17],"tags":[],"class_list":["post-87379","post","type-post","status-publish","format-standard","has-post-thumbnail","hentry","category-organos-electorales"],"_links":{"self":[{"href":"https:\/\/www.interaccionnoticias.com.mx\/index.php?rest_route=\/wp\/v2\/posts\/87379","targetHints":{"allow":["GET"]}}],"collection":[{"href":"https:\/\/www.interaccionnoticias.com.mx\/index.php?rest_route=\/wp\/v2\/posts"}],"about":[{"href":"https:\/\/www.interaccionnoticias.com.mx\/index.php?rest_route=\/wp\/v2\/types\/post"}],"author":[{"embeddable":true,"href":"https:\/\/www.interaccionnoticias.com.mx\/index.php?rest_route=\/wp\/v2\/users\/14"}],"replies":[{"embeddable":true,"href":"https:\/\/www.interaccionnoticias.com.mx\/index.php?rest_route=%2Fwp%2Fv2%2Fcomments&post=87379"}],"version-history":[{"count":1,"href":"https:\/\/www.interaccionnoticias.com.mx\/index.php?rest_route=\/wp\/v2\/posts\/87379\/revisions"}],"predecessor-version":[{"id":87381,"href":"https:\/\/www.interaccionnoticias.com.mx\/index.php?rest_route=\/wp\/v2\/posts\/87379\/revisions\/87381"}],"wp:featuredmedia":[{"embeddable":true,"href":"https:\/\/www.interaccionnoticias.com.mx\/index.php?rest_route=\/wp\/v2\/media\/87380"}],"wp:attachment":[{"href":"https:\/\/www.interaccionnoticias.com.mx\/index.php?rest_route=%2Fwp%2Fv2%2Fmedia&parent=87379"}],"wp:term":[{"taxonomy":"category","embeddable":true,"href":"https:\/\/www.interaccionnoticias.com.mx\/index.php?rest_route=%2Fwp%2Fv2%2Fcategories&post=87379"},{"taxonomy":"post_tag","embeddable":true,"href":"https:\/\/www.interaccionnoticias.com.mx\/index.php?rest_route=%2Fwp%2Fv2%2Ftags&post=87379"}],"curies":[{"name":"wp","href":"https:\/\/api.w.org\/{rel}","templated":true}]}}