{"id":87373,"date":"2025-02-08T12:53:00","date_gmt":"2025-02-08T18:53:00","guid":{"rendered":"https:\/\/www.interaccionnoticias.com.mx\/?p=87373"},"modified":"2025-02-08T21:02:25","modified_gmt":"2025-02-09T03:02:25","slug":"mi-voto-sera-a-favor-dice-felix-salgado-respecto-a-la-reforma-contra-el-nepotismo","status":"publish","type":"post","link":"https:\/\/www.interaccionnoticias.com.mx\/?p=87373","title":{"rendered":"\u201cMi voto ser\u00e1 a favor\u201d, dice F\u00e9lix Salgado respecto a la reforma contra el nepotismo"},"content":{"rendered":"\n<p><strong><em>&#8212; La reforma se discute el martes en el Senado, F\u00e9lix llama a respaldar las iniciativas presidenciales<br>&#8212; \u201cUn cargo nunca estar\u00e1 por encima de la patria\u201d, sostiene<\/em><\/strong><\/p>\n\n\n\n<p><strong>Rogelio Agust\u00edn<\/strong><\/p>\n\n\n\n<p>\u201cMi voto ser\u00e1 a favor\u201d, dijo el senador F\u00e9lix Salgado Macedonio al referirse a la iniciativa contra el nepotismo enviada por la presidenta de la Rep\u00fablica, Claudia Sheinbaum Pardo, con el agregado de que preferentemente deber\u00eda entrar en vigor al d\u00eda siguiente de su aprobaci\u00f3n, para que no existe ninguna duda.<\/p>\n\n\n\n<p>En una transmisi\u00f3n en vivo realizada desde su perfil de Facebook, el representante popular habl\u00f3 ampliamente sobre su trayectoria pol\u00edtica, desde 1986, cuando tuvo un primer acercamiento con la disidencia que form\u00f3 al Frente Democr\u00e1tico Nacional (FDN) con Cuauht\u00e9moc C\u00e1rdenas Sol\u00f3rzano como su principal dirigente.<\/p>\n\n\n\n<p>Mencion\u00f3 las dos veces que ha sido diputado federal, presidente municipal de Acapulco, tres veces candidato a la gubernatura y tres veces senador de la Rep\u00fablica.<\/p>\n\n\n\n<p>\u201cYa chole\u201d, manifest\u00f3 respecto a la permanencia en cargos p\u00fablicos, aunque tambi\u00e9n sostuvo que f\u00edsicamente y de salud se encuentra \u201cal mil\u201d.<\/p>\n\n\n\n<p>Tambi\u00e9n se reiter\u00f3 como un firme opositor de la relecci\u00f3n, argumentando que s\u00ed en 2024 contendi\u00f3 por su permanencia en la C\u00e1mara Alta, fue por apoyar la candidatura presidencial de Claudia Sheinbaum Pardo, la primera presidenta de la Rep\u00fablica en M\u00e9xico, ya que las encuestas lo colocaban con un alto puntaje en la intenci\u00f3n del voto.<\/p>\n\n\n\n<p>Luego destac\u00f3 que las propuestas contra la reelecci\u00f3n y el nepotismo se van a discutir el pr\u00f3ximo martes, por lo que reiter\u00f3 que est\u00e1 de acuerdo en que se tramiten tal y como se les envi\u00f3.<\/p>\n\n\n\n<p>\u201cYo estoy de acuerdo, nunca le voy a fallar a mi querida presidenta Claudia Sheinbaum Pardo, nunca, porque ning\u00fan cargo est\u00e1 por encima de la patria\u201d, anot\u00f3.<\/p>\n\n\n\n<p>Dijo que este s\u00e1bado platic\u00f3 con Ad\u00e1n Augusto L\u00f3pez, presidente de la Junta de Coordinaci\u00f3n Pol\u00edtica (JUCOPO) en el Senado y le propuso buscar la unidad en torno a las propuestas presidenciales.<\/p>\n\n\n\n<p>Explic\u00f3: \u201cHay una controversia porque la reelecci\u00f3n aplica en 2030 y la del nepotismo en 2027; Hay quienes piensan que las dos deben aplicar en 2030 y tambi\u00e9n hay quienes dicen que las dos deben aplicar en 2027\u201d.<\/p>\n\n\n\n<p>Agreg\u00f3: \u201cYo lo que pienso es que debemos aprobarla en todos sus t\u00e9rminos como viene, que entre en vigor al otro d\u00eda de su aprobaci\u00f3n, as\u00ed es como pienso\u201d.<\/p>\n\n\n\n<p>Y anticip\u00f3: \u201cMi voto es a favor de la reforma que ha enviado nuestra gran presidenta, que entre en vigor al d\u00eda siguiente de su aprobaci\u00f3n\u201d.<\/p>\n\n\n\n<p>Despu\u00e9s record\u00f3 que m\u00e1s adelante estar\u00e1 en condiciones de contender por la gubernatura, ya que no tenga el impedimento del nepotismo.<\/p>\n\n\n\n<p>\u201cYa les dije, estoy chamaco, estoy bien de salud y mental; estoy al mil\u201d.<\/p>\n\n\n\n<p>Tambi\u00e9n dijo que a sus 68 a\u00f1os tiene proyectos de vida que ya est\u00e1n sumamente encaminados, como el albergue \u201cperritos felices\u201d, que acu\u00f1\u00f3 durante m\u00e1s de 30 a\u00f1os.<\/p>\n\n\n\n<p>Otro proyecto de vida que Salgado Macedonio menciona es el de \u201ccaba\u00f1itas felices\u201d, que en d\u00edas pasados gener\u00f3 una intensa pol\u00e9mica en redes sociales.<\/p>\n\n\n\n<p>Sobre eso dijo: \u201cEn la necesidad no hay chocantadas; no son mansiones, no son residencias y no son casas, son caba\u00f1itas\u201d.<\/p>\n","protected":false},"excerpt":{"rendered":"<p>&#8212; La reforma se discute el martes en el Senado, F\u00e9lix llama a respaldar las iniciativas presidenciales&#8212; \u201cUn cargo nunca estar\u00e1 por encima de la patria\u201d, sostiene Rogelio Agust\u00edn \u201cMi&hellip; <\/p>\n","protected":false},"author":21,"featured_media":87374,"comment_status":"open","ping_status":"open","sticky":false,"template":"","format":"standard","meta":{"fifu_image_url":"","fifu_image_alt":"","footnotes":""},"categories":[21],"tags":[],"class_list":["post-87373","post","type-post","status-publish","format-standard","has-post-thumbnail","hentry","category-politica"],"_links":{"self":[{"href":"https:\/\/www.interaccionnoticias.com.mx\/index.php?rest_route=\/wp\/v2\/posts\/87373","targetHints":{"allow":["GET"]}}],"collection":[{"href":"https:\/\/www.interaccionnoticias.com.mx\/index.php?rest_route=\/wp\/v2\/posts"}],"about":[{"href":"https:\/\/www.interaccionnoticias.com.mx\/index.php?rest_route=\/wp\/v2\/types\/post"}],"author":[{"embeddable":true,"href":"https:\/\/www.interaccionnoticias.com.mx\/index.php?rest_route=\/wp\/v2\/users\/21"}],"replies":[{"embeddable":true,"href":"https:\/\/www.interaccionnoticias.com.mx\/index.php?rest_route=%2Fwp%2Fv2%2Fcomments&post=87373"}],"version-history":[{"count":1,"href":"https:\/\/www.interaccionnoticias.com.mx\/index.php?rest_route=\/wp\/v2\/posts\/87373\/revisions"}],"predecessor-version":[{"id":87375,"href":"https:\/\/www.interaccionnoticias.com.mx\/index.php?rest_route=\/wp\/v2\/posts\/87373\/revisions\/87375"}],"wp:featuredmedia":[{"embeddable":true,"href":"https:\/\/www.interaccionnoticias.com.mx\/index.php?rest_route=\/wp\/v2\/media\/87374"}],"wp:attachment":[{"href":"https:\/\/www.interaccionnoticias.com.mx\/index.php?rest_route=%2Fwp%2Fv2%2Fmedia&parent=87373"}],"wp:term":[{"taxonomy":"category","embeddable":true,"href":"https:\/\/www.interaccionnoticias.com.mx\/index.php?rest_route=%2Fwp%2Fv2%2Fcategories&post=87373"},{"taxonomy":"post_tag","embeddable":true,"href":"https:\/\/www.interaccionnoticias.com.mx\/index.php?rest_route=%2Fwp%2Fv2%2Ftags&post=87373"}],"curies":[{"name":"wp","href":"https:\/\/api.w.org\/{rel}","templated":true}]}}