{"id":87344,"date":"2025-02-07T17:55:29","date_gmt":"2025-02-07T23:55:29","guid":{"rendered":"https:\/\/www.interaccionnoticias.com.mx\/?p=87344"},"modified":"2025-02-07T17:55:32","modified_gmt":"2025-02-07T23:55:32","slug":"colectivos-de-desaparecidos-urgen-a-diputados-locales-aprobar-la-ley-de-desaparicion-forzada","status":"publish","type":"post","link":"https:\/\/www.interaccionnoticias.com.mx\/?p=87344","title":{"rendered":"Colectivos de desaparecidos urgen a diputados locales aprobar la Ley de Desaparici\u00f3n Forzada"},"content":{"rendered":"\n<p><em><strong>&#8212; \u00abParecemos barco sin tim\u00f3n\u00bb, no hay apoyo para los familiares de las v\u00edctimas, asegur\u00f3 Socorro Gil, del colectivo Verdad y Justicia<\/strong><\/em><\/p>\n\n\n\n<p><strong>Rosario Garc\u00eda Orozco<\/strong><\/p>\n\n\n\n<p>Sin una Ley de Desaparici\u00f3n de Personas no hay garant\u00edas de apoyo a las familias de desaparecidos, asegur\u00f3 Socorro Gil Guzm\u00e1n, integrante del colectivo Verdad y Justicia, por lo que exigi\u00f3 a los diputados locales aprobar esa iniciativa.<\/p>\n\n\n\n<p>Explic\u00f3 que a pesar de las manifestaciones y exigencias a los integrantes de la 64 Legislatura, para que aprueben la Ley de Desaparici\u00f3n Forzada para Guerrero, los colectivos de familiares de desaparecidos no tienen la certeza de que haya esa intenci\u00f3n real por parte de los diputados locales.<\/p>\n\n\n\n<p>As\u00ed lo expres\u00f3 Socorro Gil Guzm\u00e1n, integrante del colectivo Verdad y Justicia, quien mencion\u00f3 que actualmente \u201cparecemos barcos sin tim\u00f3n\u201d, porque no cuentan con apoyos de ning\u00fan tipo, adem\u00e1s de que las autoridades poco o nada hacen por buscar a sus familiares.<\/p>\n\n\n\n<p>\u201cYo s\u00e9 que todav\u00eda no la hab\u00edan querido aprobar (la Ley de Desaparecidos en el estado), ojal\u00e1 y la aprueben para que no estemos sin barco sin tim\u00f3n, a la deriva, las familias andamos solas, caminamos solas, no tenemos apoyos, no tenemos recursos en el estado de Guerrero no hay nada completamente para las familias\u201d, se quej\u00f3.<\/p>\n\n\n\n<p>Dijo que sin el apoyo de las autoridades, las familias de los desaparecidos se ven en la necesidad de salir a buscarlos, sin recursos, sin seguridad, ni apoyo alguno para realizar este ejercicio.<\/p>\n\n\n\n<p>\u201cNos queda claro que, si las familias no los buscan (a los desaparecidos), las autoridades no salen a buscarlos\u201d, enfatiz\u00f3 Gil Guzm\u00e1n, quien agreg\u00f3 que hasta el momento no han tenido acercamiento con la comisi\u00f3n de Derechos Humanos del Congreso para retomar el tema.<\/p>\n\n\n\n<p>La activista mencion\u00f3 que han buscado ser recibidos por la gobernadora Evelyn Salgado Pineda para que se les apoye, incluso para que los diputados aprueben la Ley para personas desaparecidas y fluyan los apoyos para las familias que salen a buscar a sus familiares.<\/p>\n\n\n\n<p>Por esa raz\u00f3n, dijo, se han visto obligados a salir a \u201cbotear\u201d, para obtener los recursos necesarios para buscar a sus familiares desaparecidos en la entidad.<\/p>\n","protected":false},"excerpt":{"rendered":"<p>&#8212; \u00abParecemos barco sin tim\u00f3n\u00bb, no hay apoyo para los familiares de las v\u00edctimas, asegur\u00f3 Socorro Gil, del colectivo Verdad y Justicia Rosario Garc\u00eda Orozco Sin una Ley de Desaparici\u00f3n&hellip; <\/p>\n","protected":false},"author":14,"featured_media":87167,"comment_status":"open","ping_status":"open","sticky":false,"template":"","format":"standard","meta":{"fifu_image_url":"","fifu_image_alt":"","footnotes":""},"categories":[11],"tags":[],"class_list":["post-87344","post","type-post","status-publish","format-standard","has-post-thumbnail","hentry","category-guerrero"],"_links":{"self":[{"href":"https:\/\/www.interaccionnoticias.com.mx\/index.php?rest_route=\/wp\/v2\/posts\/87344","targetHints":{"allow":["GET"]}}],"collection":[{"href":"https:\/\/www.interaccionnoticias.com.mx\/index.php?rest_route=\/wp\/v2\/posts"}],"about":[{"href":"https:\/\/www.interaccionnoticias.com.mx\/index.php?rest_route=\/wp\/v2\/types\/post"}],"author":[{"embeddable":true,"href":"https:\/\/www.interaccionnoticias.com.mx\/index.php?rest_route=\/wp\/v2\/users\/14"}],"replies":[{"embeddable":true,"href":"https:\/\/www.interaccionnoticias.com.mx\/index.php?rest_route=%2Fwp%2Fv2%2Fcomments&post=87344"}],"version-history":[{"count":1,"href":"https:\/\/www.interaccionnoticias.com.mx\/index.php?rest_route=\/wp\/v2\/posts\/87344\/revisions"}],"predecessor-version":[{"id":87345,"href":"https:\/\/www.interaccionnoticias.com.mx\/index.php?rest_route=\/wp\/v2\/posts\/87344\/revisions\/87345"}],"wp:featuredmedia":[{"embeddable":true,"href":"https:\/\/www.interaccionnoticias.com.mx\/index.php?rest_route=\/wp\/v2\/media\/87167"}],"wp:attachment":[{"href":"https:\/\/www.interaccionnoticias.com.mx\/index.php?rest_route=%2Fwp%2Fv2%2Fmedia&parent=87344"}],"wp:term":[{"taxonomy":"category","embeddable":true,"href":"https:\/\/www.interaccionnoticias.com.mx\/index.php?rest_route=%2Fwp%2Fv2%2Fcategories&post=87344"},{"taxonomy":"post_tag","embeddable":true,"href":"https:\/\/www.interaccionnoticias.com.mx\/index.php?rest_route=%2Fwp%2Fv2%2Ftags&post=87344"}],"curies":[{"name":"wp","href":"https:\/\/api.w.org\/{rel}","templated":true}]}}