{"id":87332,"date":"2025-02-07T16:04:13","date_gmt":"2025-02-07T22:04:13","guid":{"rendered":"https:\/\/www.interaccionnoticias.com.mx\/?p=87332"},"modified":"2025-02-07T16:04:15","modified_gmt":"2025-02-07T22:04:15","slug":"sin-presiones-comision-tecnica-trabaja-en-la-propuesta-de-homologacion-de-la-reforma-al-poder-judicial","status":"publish","type":"post","link":"https:\/\/www.interaccionnoticias.com.mx\/?p=87332","title":{"rendered":"Sin presiones, Comisi\u00f3n T\u00e9cnica trabaja en la propuesta de homologaci\u00f3n de la Reforma al Poder Judicial"},"content":{"rendered":"\n<p><strong><em>&#8212; La intensi\u00f3n es generar un consenso muy amplio, entre los poderes p\u00fablicos y la sociedad<\/em><\/strong><\/p>\n\n\n\n<p><strong>Rogelio Agust\u00edn<\/strong><\/p>\n\n\n\n<p>El presidente de la Junta de Coordinaci\u00f3n Pol\u00edtica del Congreso local, Jes\u00fas Uriostegui Garc\u00eda sostuvo que la propuesta para homologar la Reforma al Poder Judicial en Guerrero se entregar\u00e1 con tiempo suficiente para que se emita el dictamen correspondiente y se le someta a votaci\u00f3n.<\/p>\n\n\n\n<p>La jornada del jueves 6 de febrero, la comisi\u00f3n de Estudios Constitucionales del Poder Legislativo local se declar\u00f3 en sesi\u00f3n permanente, lista para recibir la iniciativa que presentar\u00e1 la Comisi\u00f3n T\u00e9cnica integrada por los tres poderes locales.<\/p>\n\n\n\n<p>De acuerdo con la presidenta de dicha comisi\u00f3n, Citlali Calixto Jim\u00e9nez, la intenci\u00f3n es desahogar el dictamen en un t\u00e9rmino m\u00e1ximo de dos semanas, a pesar de que la ley les permite desahogar el asunto en 30 d\u00edas.<\/p>\n\n\n\n<p>Al respecto, el presidente de la JUCOPO refiri\u00f3 que todav\u00eda se trabaja en la Comisi\u00f3n T\u00e9cnica, donde se encuentra representado el Congreso, el Gobierno del Estado y el Tribunal Superior de Justicia (TSJ), aunque no se tiene definida la fecha en la que se entregar\u00e1 la iniciativa.<\/p>\n\n\n\n<p>Uriostegui Garc\u00eda coment\u00f3 que la intenci\u00f3n es presentar una propuesta que contenga las propuestas de todos los partidos pol\u00edticos, as\u00ed como las aportaciones ciudadanas que se hagan llegar a trav\u00e9s de los mecanismos que la comisi\u00f3n correspondiente habr\u00e1 de generar.<\/p>\n\n\n\n<p>\u201cNosotros no tenemos ning\u00fan retraso, estamos trabajando al seno de la Comisi\u00f3n T\u00e9cnica, estamos listos y llegado el momento se presentar\u00e1 una propuesta que debe generar un amplio consenso, tanto al seno de los poderes p\u00fablicos como de la sociedad\u201d, destac\u00f3.<\/p>\n","protected":false},"excerpt":{"rendered":"<p>&#8212; La intensi\u00f3n es generar un consenso muy amplio, entre los poderes p\u00fablicos y la sociedad Rogelio Agust\u00edn El presidente de la Junta de Coordinaci\u00f3n Pol\u00edtica del Congreso local, Jes\u00fas&hellip; <\/p>\n","protected":false},"author":21,"featured_media":87333,"comment_status":"open","ping_status":"open","sticky":false,"template":"","format":"standard","meta":{"fifu_image_url":"","fifu_image_alt":"","footnotes":""},"categories":[2],"tags":[],"class_list":["post-87332","post","type-post","status-publish","format-standard","has-post-thumbnail","hentry","category-congreso"],"_links":{"self":[{"href":"https:\/\/www.interaccionnoticias.com.mx\/index.php?rest_route=\/wp\/v2\/posts\/87332","targetHints":{"allow":["GET"]}}],"collection":[{"href":"https:\/\/www.interaccionnoticias.com.mx\/index.php?rest_route=\/wp\/v2\/posts"}],"about":[{"href":"https:\/\/www.interaccionnoticias.com.mx\/index.php?rest_route=\/wp\/v2\/types\/post"}],"author":[{"embeddable":true,"href":"https:\/\/www.interaccionnoticias.com.mx\/index.php?rest_route=\/wp\/v2\/users\/21"}],"replies":[{"embeddable":true,"href":"https:\/\/www.interaccionnoticias.com.mx\/index.php?rest_route=%2Fwp%2Fv2%2Fcomments&post=87332"}],"version-history":[{"count":1,"href":"https:\/\/www.interaccionnoticias.com.mx\/index.php?rest_route=\/wp\/v2\/posts\/87332\/revisions"}],"predecessor-version":[{"id":87334,"href":"https:\/\/www.interaccionnoticias.com.mx\/index.php?rest_route=\/wp\/v2\/posts\/87332\/revisions\/87334"}],"wp:featuredmedia":[{"embeddable":true,"href":"https:\/\/www.interaccionnoticias.com.mx\/index.php?rest_route=\/wp\/v2\/media\/87333"}],"wp:attachment":[{"href":"https:\/\/www.interaccionnoticias.com.mx\/index.php?rest_route=%2Fwp%2Fv2%2Fmedia&parent=87332"}],"wp:term":[{"taxonomy":"category","embeddable":true,"href":"https:\/\/www.interaccionnoticias.com.mx\/index.php?rest_route=%2Fwp%2Fv2%2Fcategories&post=87332"},{"taxonomy":"post_tag","embeddable":true,"href":"https:\/\/www.interaccionnoticias.com.mx\/index.php?rest_route=%2Fwp%2Fv2%2Ftags&post=87332"}],"curies":[{"name":"wp","href":"https:\/\/api.w.org\/{rel}","templated":true}]}}