{"id":87329,"date":"2025-02-07T15:58:52","date_gmt":"2025-02-07T21:58:52","guid":{"rendered":"https:\/\/www.interaccionnoticias.com.mx\/?p=87329"},"modified":"2025-02-07T15:58:55","modified_gmt":"2025-02-07T21:58:55","slug":"gobierno-de-guerrero-rechaza-el-incremento-en-las-tarifas-del-transporte-publico-en-acapulco","status":"publish","type":"post","link":"https:\/\/www.interaccionnoticias.com.mx\/?p=87329","title":{"rendered":"Gobierno de Guerrero rechaza el incremento en las tarifas del transporte p\u00fablico, en Acapulco"},"content":{"rendered":"\n<p><strong><em>&#8212; \u00abNi un solo peso de m\u00e1s\u00bb, aclara el subsecretario de Desarrollo Pol\u00edtico de la Secretar\u00eda General de Gobierno, Francisco Rodr\u00edguez Cisneros<br>&#8212; Los Choferes que suban los precios ser\u00e1n sancionados<\/em><\/strong><\/p>\n\n\n\n<p><strong>Jes\u00fas Dorantes<\/strong><\/p>\n\n\n\n<p><strong>Chilpancingo, Gro.- <\/strong>El Subsecretario de Desarrollo Pol\u00edtico y Social de Guerrero, Francisco Rodr\u00edguez Cisneros confirm\u00f3 que no hay ninguna autorizaci\u00f3n en el incremento de las tarifas que cobra el transporte p\u00fablico en el puerto de Acapulco, quienes cobren m\u00e1s de lo permitido ser\u00e1n sancionados.<\/p>\n\n\n\n<p>Rodr\u00edguez Cisneros confirm\u00f3 que la Comisi\u00f3n T\u00e9cnica de Transporte y Vialidad de Guerrero ya inicio una campa\u00f1a para sancionar a los transportistas que aumenten el costo del pasaje, porque no existe ning\u00fan aval de la administraci\u00f3n estatal vigente.<\/p>\n\n\n\n<p>\u201cLa gobernadora del Estado a sido muy enf\u00e1tica en ese sentido: No hay ninguna una autorizaci\u00f3n en el aumento del pasaje\u201d, enfatiz\u00f3 el funcionario.<\/p>\n\n\n\n<p>Llam\u00f3 a la poblaci\u00f3n a reportar cualquier ruta o sitio de transportistas que hayan alterado sus tarifas, porque se trata de una determinaci\u00f3n completamente arbitraria.<\/p>\n\n\n\n<p>Mencion\u00f3 que ya se inform\u00f3 al titular de Transportes, Arturo Salinas Sandoval para que revise cualquier situaci\u00f3n.<\/p>\n\n\n\n<p>Indic\u00f3 que la gobernadora ha sido muy clara al se\u00f1alar que hasta el momento, la administraci\u00f3n estatal no ha validado ning\u00fan incremento en las ocho regiones del estado.<\/p>\n\n\n\n<p>Por usos y costumbres en Guerrero, cuando las tarifas se incrementan en Acapulco, el alza se r\u00e9plica casi de inmediato en toda la entidad.<\/p>\n","protected":false},"excerpt":{"rendered":"<p>&#8212; \u00abNi un solo peso de m\u00e1s\u00bb, aclara el subsecretario de Desarrollo Pol\u00edtico de la Secretar\u00eda General de Gobierno, Francisco Rodr\u00edguez Cisneros&#8212; Los Choferes que suban los precios ser\u00e1n sancionados&hellip; <\/p>\n","protected":false},"author":8,"featured_media":87330,"comment_status":"open","ping_status":"open","sticky":false,"template":"","format":"standard","meta":{"fifu_image_url":"","fifu_image_alt":"","footnotes":""},"categories":[11],"tags":[],"class_list":["post-87329","post","type-post","status-publish","format-standard","has-post-thumbnail","hentry","category-guerrero"],"_links":{"self":[{"href":"https:\/\/www.interaccionnoticias.com.mx\/index.php?rest_route=\/wp\/v2\/posts\/87329","targetHints":{"allow":["GET"]}}],"collection":[{"href":"https:\/\/www.interaccionnoticias.com.mx\/index.php?rest_route=\/wp\/v2\/posts"}],"about":[{"href":"https:\/\/www.interaccionnoticias.com.mx\/index.php?rest_route=\/wp\/v2\/types\/post"}],"author":[{"embeddable":true,"href":"https:\/\/www.interaccionnoticias.com.mx\/index.php?rest_route=\/wp\/v2\/users\/8"}],"replies":[{"embeddable":true,"href":"https:\/\/www.interaccionnoticias.com.mx\/index.php?rest_route=%2Fwp%2Fv2%2Fcomments&post=87329"}],"version-history":[{"count":1,"href":"https:\/\/www.interaccionnoticias.com.mx\/index.php?rest_route=\/wp\/v2\/posts\/87329\/revisions"}],"predecessor-version":[{"id":87331,"href":"https:\/\/www.interaccionnoticias.com.mx\/index.php?rest_route=\/wp\/v2\/posts\/87329\/revisions\/87331"}],"wp:featuredmedia":[{"embeddable":true,"href":"https:\/\/www.interaccionnoticias.com.mx\/index.php?rest_route=\/wp\/v2\/media\/87330"}],"wp:attachment":[{"href":"https:\/\/www.interaccionnoticias.com.mx\/index.php?rest_route=%2Fwp%2Fv2%2Fmedia&parent=87329"}],"wp:term":[{"taxonomy":"category","embeddable":true,"href":"https:\/\/www.interaccionnoticias.com.mx\/index.php?rest_route=%2Fwp%2Fv2%2Fcategories&post=87329"},{"taxonomy":"post_tag","embeddable":true,"href":"https:\/\/www.interaccionnoticias.com.mx\/index.php?rest_route=%2Fwp%2Fv2%2Ftags&post=87329"}],"curies":[{"name":"wp","href":"https:\/\/api.w.org\/{rel}","templated":true}]}}