{"id":87326,"date":"2025-02-07T12:52:51","date_gmt":"2025-02-07T18:52:51","guid":{"rendered":"https:\/\/www.interaccionnoticias.com.mx\/?p=87326"},"modified":"2025-02-07T12:52:52","modified_gmt":"2025-02-07T18:52:52","slug":"se-instalaran-camaras-de-vigilancia-y-en-la-feria-de-iguala","status":"publish","type":"post","link":"https:\/\/www.interaccionnoticias.com.mx\/?p=87326","title":{"rendered":"Se instalar\u00e1n c\u00e1maras de vigilancia y en la Feria de Iguala"},"content":{"rendered":"\n<p><strong><em>&#8212; Se contar\u00e1 con recorridos de seguridad con elementos de la federaci\u00f3n, el estado y el municipio y se usar\u00e1n drones para vigilancia del lugar<\/em><\/strong><\/p>\n\n\n\n<p><strong>Rosario Garc\u00eda Orozco<\/strong><\/p>\n\n\n\n<p>Con la finalidad de brindar seguridad a los asistentes a la Feria de la Bandera de Iguala, se instalar\u00e1n c\u00e1maras de vigilancia, habr\u00e1 recorridos de elementos de seguridad de la federaci\u00f3n, el estado y el municipio, arcos de detecci\u00f3n de metales y drones inform\u00f3 el presidente Erick Catal\u00e1n Rend\u00f3n.<\/p>\n\n\n\n<p>En conferencia de prensa, el alcalde igualteco dio a conocer que las instalaciones de la Feria de la ciudad tamarindera ya se encuentran al 90 por ciento para dar inicio con esa festividad que se llevar\u00e1 a cabo del 14 de febrero al 2 de mazo, \u00abser\u00e1 una feria sumamente cuidada\u00bb.<\/p>\n\n\n\n<p>Sobre la distribuci\u00f3n de las c\u00e1maras de vigilancia, mencion\u00f3 que se instalar\u00e1n 4 en la entrada principal, donde est\u00e1n los arcos, dos en el acceso trasero y dos en los postes m\u00e1s altos de ese recinto ferial, \u00abpara que se pueda ver todo, por si hay alguna ri\u00f1a, o cualquier otra situaci\u00f3n y se apacig\u00fcen los \u00e1nimos y se cuide a los asistentes\u00bb.<\/p>\n\n\n\n<p>Adem\u00e1s, dio a conocer que se har\u00e1 uso de drones para que en todos los espacios de la Feria de la Bandera se cuente con vigilancia y ubicaci\u00f3n de puntos de conflicto o se detecten actos de violencia, \u00abde tal manera que los visitantes puedan distrutar de la feria con tranquilidad\u00bb.<\/p>\n\n\n\n<p>Otra de las estrategias para brindar seguridad en esa festividad, dijo, es la instalaci\u00f3n de arcos detectores de metales, \u00abpara que ninguna persona pueda entrar armada a las instalaciones, eso se acord\u00f3 hece unos d\u00edas en la Mesa de la Construcci\u00f3n de la Paz\u00bb.<\/p>\n\n\n\n<p>Catal\u00e1n Rend\u00f3n agreg\u00f3 que se han invertido un mill\u00f3n y medio de pesos en la rehabilitaci\u00f3n de las instalaciones de la feria de recursos del ayuntamiento, \u00abporque estaba totalmente destruida esa \u00e1rea y ahora van a ver el cambio, esta muy bonito\u00bb.<\/p>\n\n\n\n<p>Tambi\u00e9n mencion\u00f3 que se instal\u00f3 un miniteatro, para que se pueda utilizar en la presentaci\u00f3n de obras, no s\u00f3lo durante los d\u00edas de la feria, sino en el transcurso del resto del a\u00f1o.<\/p>\n\n\n\n<p>Del mismo modo, coment\u00f3 a los medios de comunicaci\u00f3n que Iguala ser\u00e1 la sede del Primer Torneo Nacional de Bandas de Guerra \u00abCopa Caudillos\u00bb, que se llevar\u00e1 a cabo el 15 de febrero en el estadio Ambrocio Figueroa, y hasta ahora se han inscrito 25 bandas de Guerra de diferentes estados de la Rep\u00fablica en 4 categor\u00edas diferentes.<\/p>\n","protected":false},"excerpt":{"rendered":"<p>&#8212; Se contar\u00e1 con recorridos de seguridad con elementos de la federaci\u00f3n, el estado y el municipio y se usar\u00e1n drones para vigilancia del lugar Rosario Garc\u00eda Orozco Con la&hellip; <\/p>\n","protected":false},"author":14,"featured_media":87327,"comment_status":"open","ping_status":"open","sticky":false,"template":"","format":"standard","meta":{"fifu_image_url":"","fifu_image_alt":"","footnotes":""},"categories":[23],"tags":[],"class_list":["post-87326","post","type-post","status-publish","format-standard","has-post-thumbnail","hentry","category-regionales"],"_links":{"self":[{"href":"https:\/\/www.interaccionnoticias.com.mx\/index.php?rest_route=\/wp\/v2\/posts\/87326","targetHints":{"allow":["GET"]}}],"collection":[{"href":"https:\/\/www.interaccionnoticias.com.mx\/index.php?rest_route=\/wp\/v2\/posts"}],"about":[{"href":"https:\/\/www.interaccionnoticias.com.mx\/index.php?rest_route=\/wp\/v2\/types\/post"}],"author":[{"embeddable":true,"href":"https:\/\/www.interaccionnoticias.com.mx\/index.php?rest_route=\/wp\/v2\/users\/14"}],"replies":[{"embeddable":true,"href":"https:\/\/www.interaccionnoticias.com.mx\/index.php?rest_route=%2Fwp%2Fv2%2Fcomments&post=87326"}],"version-history":[{"count":1,"href":"https:\/\/www.interaccionnoticias.com.mx\/index.php?rest_route=\/wp\/v2\/posts\/87326\/revisions"}],"predecessor-version":[{"id":87328,"href":"https:\/\/www.interaccionnoticias.com.mx\/index.php?rest_route=\/wp\/v2\/posts\/87326\/revisions\/87328"}],"wp:featuredmedia":[{"embeddable":true,"href":"https:\/\/www.interaccionnoticias.com.mx\/index.php?rest_route=\/wp\/v2\/media\/87327"}],"wp:attachment":[{"href":"https:\/\/www.interaccionnoticias.com.mx\/index.php?rest_route=%2Fwp%2Fv2%2Fmedia&parent=87326"}],"wp:term":[{"taxonomy":"category","embeddable":true,"href":"https:\/\/www.interaccionnoticias.com.mx\/index.php?rest_route=%2Fwp%2Fv2%2Fcategories&post=87326"},{"taxonomy":"post_tag","embeddable":true,"href":"https:\/\/www.interaccionnoticias.com.mx\/index.php?rest_route=%2Fwp%2Fv2%2Ftags&post=87326"}],"curies":[{"name":"wp","href":"https:\/\/api.w.org\/{rel}","templated":true}]}}