{"id":87305,"date":"2025-02-07T10:57:48","date_gmt":"2025-02-07T16:57:48","guid":{"rendered":"https:\/\/www.interaccionnoticias.com.mx\/?p=87305"},"modified":"2025-02-07T10:57:49","modified_gmt":"2025-02-07T16:57:49","slug":"fge-guerrero-cumplimenta-orden-de-aprehension-por-homicidio-y-lesiones","status":"publish","type":"post","link":"https:\/\/www.interaccionnoticias.com.mx\/?p=87305","title":{"rendered":"FGE Guerrero cumplimenta orden de aprehensi\u00f3n por homicidio y lesiones"},"content":{"rendered":"\n<p><strong><em>&#8212; Hechos que dej\u00f3 dos mujeres calcinadas<br>&#8212; Un hombre lesionado tras un choque en la Esc\u00e9nica en Acapulco<\/em><\/strong><\/p>\n\n\n\n<p><strong>Javier Trujillo<\/strong><\/p>\n\n\n\n<p><strong>Acapulco, Gro.- <\/strong>Jos\u00e9 Roberto \u201cN\u201d, fue detenido tras cumplimentar una orden de aprehensi\u00f3n por su probable participaci\u00f3n en los delitos de: Homicidio, en perjuicio de Jaydi \u201cN\u201d y Donajil \u201cN\u201d, as\u00ed como lesiones culposas por tr\u00e1nsito vehicular, en agravio Gerardo \u201cN\u201d, por los hechos suscitados en Acapulco.<\/p>\n\n\n\n<p>Seg\u00fan las investigaciones, el pasado 19 de enero de 2025, el imputado circulaba a bordo de un veh\u00edculo Jeep en la carretera Esc\u00e9nica, cuando impact\u00f3 la unidad contra el muro de contenci\u00f3n, provocando el incendio del automotor, la muerte de dos mujeres y lesiones para un hombre.<\/p>\n\n\n\n<p>En aquella ocasi\u00f3n el accidente ocurri\u00f3 la madrugada del 19 de enero, y el ahora detenido huy\u00f3 del lugar, dejando al interior de la unidad veh\u00edcular a las dos mujeres que murieron calcinadas y un hombre que automovilistas ayudaron a sacar del lugar del accidente.<\/p>\n\n\n\n<p>El detenido y presunto responsable del accidente que dej\u00f3 dos muertos y un lesionado, Jos\u00e9 Roberto \u201cN\u201d, ser\u00e1 puesto a disposici\u00f3n del juez que lo requiere para resolver su situaci\u00f3n jur\u00eddica.<\/p>\n\n\n\n<p>En el cumplimiento de la orden de aprehensi\u00f3n participaron agentes de la Fiscal\u00eda General del Estado de Guerrero (FGE), coordinados con la Secretar\u00eda de la Defensa Nacional (SEDENA), Guardia Nacional (GN), Secretar\u00eda de Seguridad y la Secretaria de Seguridad y Protecci\u00f3n Ciudadana (SSyPC) y la Secretar\u00eda de Seguridad P\u00fablica de Guerrero, para la detenci\u00f3n.<\/p>\n","protected":false},"excerpt":{"rendered":"<p>&#8212; Hechos que dej\u00f3 dos mujeres calcinadas&#8212; Un hombre lesionado tras un choque en la Esc\u00e9nica en Acapulco Javier Trujillo Acapulco, Gro.- Jos\u00e9 Roberto \u201cN\u201d, fue detenido tras cumplimentar una&hellip; <\/p>\n","protected":false},"author":3,"featured_media":87306,"comment_status":"open","ping_status":"open","sticky":false,"template":"","format":"standard","meta":{"fifu_image_url":"","fifu_image_alt":"","footnotes":""},"categories":[27],"tags":[],"class_list":["post-87305","post","type-post","status-publish","format-standard","has-post-thumbnail","hentry","category-seguridad-publica"],"_links":{"self":[{"href":"https:\/\/www.interaccionnoticias.com.mx\/index.php?rest_route=\/wp\/v2\/posts\/87305","targetHints":{"allow":["GET"]}}],"collection":[{"href":"https:\/\/www.interaccionnoticias.com.mx\/index.php?rest_route=\/wp\/v2\/posts"}],"about":[{"href":"https:\/\/www.interaccionnoticias.com.mx\/index.php?rest_route=\/wp\/v2\/types\/post"}],"author":[{"embeddable":true,"href":"https:\/\/www.interaccionnoticias.com.mx\/index.php?rest_route=\/wp\/v2\/users\/3"}],"replies":[{"embeddable":true,"href":"https:\/\/www.interaccionnoticias.com.mx\/index.php?rest_route=%2Fwp%2Fv2%2Fcomments&post=87305"}],"version-history":[{"count":1,"href":"https:\/\/www.interaccionnoticias.com.mx\/index.php?rest_route=\/wp\/v2\/posts\/87305\/revisions"}],"predecessor-version":[{"id":87307,"href":"https:\/\/www.interaccionnoticias.com.mx\/index.php?rest_route=\/wp\/v2\/posts\/87305\/revisions\/87307"}],"wp:featuredmedia":[{"embeddable":true,"href":"https:\/\/www.interaccionnoticias.com.mx\/index.php?rest_route=\/wp\/v2\/media\/87306"}],"wp:attachment":[{"href":"https:\/\/www.interaccionnoticias.com.mx\/index.php?rest_route=%2Fwp%2Fv2%2Fmedia&parent=87305"}],"wp:term":[{"taxonomy":"category","embeddable":true,"href":"https:\/\/www.interaccionnoticias.com.mx\/index.php?rest_route=%2Fwp%2Fv2%2Fcategories&post=87305"},{"taxonomy":"post_tag","embeddable":true,"href":"https:\/\/www.interaccionnoticias.com.mx\/index.php?rest_route=%2Fwp%2Fv2%2Ftags&post=87305"}],"curies":[{"name":"wp","href":"https:\/\/api.w.org\/{rel}","templated":true}]}}